{"id":6744,"date":"2016-03-13T18:30:49","date_gmt":"2016-03-13T17:30:49","guid":{"rendered":"http:\/\/www.amaplaneteblanquefort.fr\/wordpress\/?p=6744"},"modified":"2016-03-13T18:30:49","modified_gmt":"2016-03-13T17:30:49","slug":"commande-de-tempeh","status":"publish","type":"post","link":"http:\/\/www.amaplaneteblanquefort.fr\/wordpress\/2016\/03\/13\/commande-de-tempeh\/","title":{"rendered":"Commande de Tempeh"},"content":{"rendered":"<p>Bonjour \u00e0 tous,<\/p>\n<p>Nurlaili Robert revient le jeudi 24 mars pour vous livrer le Tempeh que vous aurez command\u00e9 Jeudi 17 ! Comme d&rsquo;habitude, merci de venir avec votre contrat, t\u00e9l\u00e9charg\u00e9 en cliquant ci-dessous :<\/p>\n<p><a href=\"http:\/\/www.amaplaneteblanquefort.fr\/wordpress\/wp-content\/uploads\/2016\/03\/BONCDETEMPEHmars2016.pdf\">BONCDETEMPEHmars2016<\/a><\/p>\n<p>N&rsquo;oubliez pas !<\/p>\n<p>Vos coordinateurs<\/p>\n<p>Yannick et Dominique<\/p>\n","protected":false},"excerpt":{"rendered":"<p>Bonjour \u00e0 tous, Nurlaili Robert revient le jeudi 24 mars pour vous livrer le Tempeh que vous aurez command\u00e9 Jeudi 17 ! Comme d&rsquo;habitude, merci de venir avec votre contrat, t\u00e9l\u00e9charg\u00e9 en cliquant ci-dessous : BONCDETEMPEHmars2016 N&rsquo;oubliez pas ! Vos coordinateurs Yannick et Dominique<\/p>\n","protected":false},"author":1,"featured_media":0,"comment_status":"open","ping_status":"open","sticky":false,"template":"","format":"standard","meta":{"footnotes":""},"categories":[39],"tags":[],"class_list":["post-6744","post","type-post","status-publish","format-standard","hentry","category-21-tempeh"],"_links":{"self":[{"href":"http:\/\/www.amaplaneteblanquefort.fr\/wordpress\/wp-json\/wp\/v2\/posts\/6744","targetHints":{"allow":["GET"]}}],"collection":[{"href":"http:\/\/www.amaplaneteblanquefort.fr\/wordpress\/wp-json\/wp\/v2\/posts"}],"about":[{"href":"http:\/\/www.amaplaneteblanquefort.fr\/wordpress\/wp-json\/wp\/v2\/types\/post"}],"author":[{"embeddable":true,"href":"http:\/\/www.amaplaneteblanquefort.fr\/wordpress\/wp-json\/wp\/v2\/users\/1"}],"replies":[{"embeddable":true,"href":"http:\/\/www.amaplaneteblanquefort.fr\/wordpress\/wp-json\/wp\/v2\/comments?post=6744"}],"version-history":[{"count":1,"href":"http:\/\/www.amaplaneteblanquefort.fr\/wordpress\/wp-json\/wp\/v2\/posts\/6744\/revisions"}],"predecessor-version":[{"id":6746,"href":"http:\/\/www.amaplaneteblanquefort.fr\/wordpress\/wp-json\/wp\/v2\/posts\/6744\/revisions\/6746"}],"wp:attachment":[{"href":"http:\/\/www.amaplaneteblanquefort.fr\/wordpress\/wp-json\/wp\/v2\/media?parent=6744"}],"wp:term":[{"taxonomy":"category","embeddable":true,"href":"http:\/\/www.amaplaneteblanquefort.fr\/wordpress\/wp-json\/wp\/v2\/categories?post=6744"},{"taxonomy":"post_tag","embeddable":true,"href":"http:\/\/www.amaplaneteblanquefort.fr\/wordpress\/wp-json\/wp\/v2\/tags?post=6744"}],"curies":[{"name":"wp","href":"https:\/\/api.w.org\/{rel}","templated":true}]}}