{"id":6716,"date":"2016-03-03T00:45:46","date_gmt":"2016-03-02T23:45:46","guid":{"rendered":"http:\/\/www.amaplaneteblanquefort.fr\/wordpress\/?p=6716"},"modified":"2016-03-03T00:45:46","modified_gmt":"2016-03-02T23:45:46","slug":"livraisons-poissons","status":"publish","type":"post","link":"http:\/\/www.amaplaneteblanquefort.fr\/wordpress\/2016\/03\/03\/livraisons-poissons\/","title":{"rendered":"Livraisons Poissons"},"content":{"rendered":"<p><a href=\"http:\/\/www.amaplaneteblanquefort.fr\/wordpress\/wp-content\/uploads\/2016\/03\/Screenshot_2016-03-03-00-29-35.jpg\"><img loading=\"lazy\" decoding=\"async\" class=\"aligncenter size-medium wp-image-6719\" src=\"http:\/\/www.amaplaneteblanquefort.fr\/wordpress\/wp-content\/uploads\/2016\/03\/Screenshot_2016-03-03-00-29-35-169x300.jpg\" alt=\"m\u00e9t\u00e9o poisson\" width=\"169\" height=\"300\" srcset=\"http:\/\/www.amaplaneteblanquefort.fr\/wordpress\/wp-content\/uploads\/2016\/03\/Screenshot_2016-03-03-00-29-35-169x300.jpg 169w, http:\/\/www.amaplaneteblanquefort.fr\/wordpress\/wp-content\/uploads\/2016\/03\/Screenshot_2016-03-03-00-29-35-576x1024.jpg 576w, http:\/\/www.amaplaneteblanquefort.fr\/wordpress\/wp-content\/uploads\/2016\/03\/Screenshot_2016-03-03-00-29-35.jpg 1440w\" sizes=\"auto, (max-width: 169px) 100vw, 169px\" \/><\/a>Bonsoir.<\/p>\n<p>Apr\u00e8s ces jours difficiles que nous avons tous subi au point de vue m\u00e9t\u00e9orologique. \u00a0La livraison de poisson va reprendre pour le mois de mars.<\/p>\n<p>Olivier ARGELAS est un marin p\u00eacheur comme il n&rsquo;en reste plus beaucoup aujourd&rsquo;hui avec son bateaux et son \u00e9quipage il sort du bassin d&rsquo;Arcachon par les passes qui sont dangereuses. Quand les conditions climatiques ne sont pas r\u00e9unis pour garantir la s\u00e9curit\u00e9 et la vie de son \u00e9quipage il ne peut pas sortir et reste au port.<\/p>\n<p>Notre Amap a pour but de faire le lien entre petit producteur artisanaux et consommateurs nous sommes li\u00e9s par un contrat qui nous assure qualit\u00e9 et tracabilit\u00e9.<\/p>\n<p>Olivier dans le mois de janvier \u00e0 pu sortir 5 fois en janvier et 3 fois en f\u00e9vrier. Il n&rsquo;a pas voulu nous servir car c&rsquo;\u00e9tait en fin de mois et qu&rsquo;il ne voulait pas nous donner du poisson qui aurait fait 15 jours de r\u00e9frig\u00e9rateur. C&rsquo;est un choix que je trouve tout \u00e0 fait honorable et respectueux envers nous.<\/p>\n<p>Sur l&rsquo;image jointe vous avez les conditions climatiques avec hauteur de la houle vitesse du vent et les dates de ces derniers jours vous pourrez vous donner une id\u00e9e.<\/p>\n<p>Olivier invite \u00e9galement toute personne d\u00e9sireuse de se rendre compte par elle-m\u00eame son travail avec ses dangers et difficult\u00e9s.<\/p>\n<p>&nbsp;<\/p>\n<p>&nbsp;<\/p>\n","protected":false},"excerpt":{"rendered":"<p>Bonsoir. Apr\u00e8s ces jours difficiles que nous avons tous subi au point de vue m\u00e9t\u00e9orologique. \u00a0La livraison de poisson va reprendre pour le mois de mars. Olivier ARGELAS est un marin p\u00eacheur comme il n&rsquo;en reste plus beaucoup aujourd&rsquo;hui avec son bateaux et son \u00e9quipage il sort du bassin d&rsquo;Arcachon par les passes qui sont &hellip; <a href=\"http:\/\/www.amaplaneteblanquefort.fr\/wordpress\/2016\/03\/03\/livraisons-poissons\/\" class=\"more-link\">Continuer la lecture de <span class=\"screen-reader-text\">Livraisons Poissons<\/span> <span class=\"meta-nav\">&rarr;<\/span><\/a><\/p>\n","protected":false},"author":20,"featured_media":0,"comment_status":"open","ping_status":"open","sticky":false,"template":"","format":"standard","meta":{"footnotes":""},"categories":[20],"tags":[],"class_list":["post-6716","post","type-post","status-publish","format-standard","hentry","category-08-poissons"],"_links":{"self":[{"href":"http:\/\/www.amaplaneteblanquefort.fr\/wordpress\/wp-json\/wp\/v2\/posts\/6716","targetHints":{"allow":["GET"]}}],"collection":[{"href":"http:\/\/www.amaplaneteblanquefort.fr\/wordpress\/wp-json\/wp\/v2\/posts"}],"about":[{"href":"http:\/\/www.amaplaneteblanquefort.fr\/wordpress\/wp-json\/wp\/v2\/types\/post"}],"author":[{"embeddable":true,"href":"http:\/\/www.amaplaneteblanquefort.fr\/wordpress\/wp-json\/wp\/v2\/users\/20"}],"replies":[{"embeddable":true,"href":"http:\/\/www.amaplaneteblanquefort.fr\/wordpress\/wp-json\/wp\/v2\/comments?post=6716"}],"version-history":[{"count":2,"href":"http:\/\/www.amaplaneteblanquefort.fr\/wordpress\/wp-json\/wp\/v2\/posts\/6716\/revisions"}],"predecessor-version":[{"id":6720,"href":"http:\/\/www.amaplaneteblanquefort.fr\/wordpress\/wp-json\/wp\/v2\/posts\/6716\/revisions\/6720"}],"wp:attachment":[{"href":"http:\/\/www.amaplaneteblanquefort.fr\/wordpress\/wp-json\/wp\/v2\/media?parent=6716"}],"wp:term":[{"taxonomy":"category","embeddable":true,"href":"http:\/\/www.amaplaneteblanquefort.fr\/wordpress\/wp-json\/wp\/v2\/categories?post=6716"},{"taxonomy":"post_tag","embeddable":true,"href":"http:\/\/www.amaplaneteblanquefort.fr\/wordpress\/wp-json\/wp\/v2\/tags?post=6716"}],"curies":[{"name":"wp","href":"https:\/\/api.w.org\/{rel}","templated":true}]}}