{"id":6662,"date":"2016-03-09T22:13:17","date_gmt":"2016-03-09T21:13:17","guid":{"rendered":"http:\/\/www.amaplaneteblanquefort.fr\/wordpress\/?p=6662"},"modified":"2016-03-09T22:22:11","modified_gmt":"2016-03-09T21:22:11","slug":"nouveau-contrat-chevre","status":"publish","type":"post","link":"http:\/\/www.amaplaneteblanquefort.fr\/wordpress\/2016\/03\/09\/nouveau-contrat-chevre\/","title":{"rendered":"Nouveau contrat fromages de ch\u00e8vre"},"content":{"rendered":"<p>Nous vous proposons le nouveau contrat \u00ab\u00a0fromage de ch\u00e8vre\u00a0\u00bb de la ferme Manieu No\u00ebl, productrice Marl\u00e8ne Serrano. Il couvre la p\u00e9riode du <strong>24 mars au 15 d\u00e9cembre 2016<\/strong>.<\/p>\n<figure id=\"attachment_660\" aria-describedby=\"caption-attachment-660\" style=\"width: 300px\" class=\"wp-caption alignright\"><a href=\"http:\/\/www.amaplaneteblanquefort.fr\/wordpress\/wp-content\/uploads\/2012\/11\/WEBfromages-022.jpg\"><img loading=\"lazy\" decoding=\"async\" class=\"size-medium wp-image-660\" src=\"http:\/\/www.amaplaneteblanquefort.fr\/wordpress\/wp-content\/uploads\/2012\/11\/WEBfromages-022-300x200.jpg\" alt=\"Les fromages de Marl\u00e8ne\" width=\"300\" height=\"200\" srcset=\"http:\/\/www.amaplaneteblanquefort.fr\/wordpress\/wp-content\/uploads\/2012\/11\/WEBfromages-022-300x200.jpg 300w, http:\/\/www.amaplaneteblanquefort.fr\/wordpress\/wp-content\/uploads\/2012\/11\/WEBfromages-022.jpg 448w\" sizes=\"auto, (max-width: 300px) 100vw, 300px\" \/><\/a><figcaption id=\"caption-attachment-660\" class=\"wp-caption-text\">Les fromages de Marl\u00e8ne<\/figcaption><\/figure>\n<p>Cette ann\u00e9e encore, en plus des produits unitaires, des plateaux 5 ou 7 fromages vous sont propos\u00e9s.<br \/>\nEt en fin d&rsquo;ann\u00e9e, une commande suppl\u00e9mentaire \u00ab\u00a0sp\u00e9ciale No\u00ebl\u00a0\u00bb, livrable le 22 d\u00e9cembre, vous permettra de commander ces plateaux en fonction de vos projets.<br \/>\nPar ailleurs, pour r\u00e9pondre \u00e0 la demande de nombreux d&rsquo;entre vous, les \u00ab\u00a0lactiques 3 fromages\u00a0\u00bb seront tous livr\u00e9s sous la forme \u00ab\u00a0frais\u00a0\u00bb, cendr\u00e9s ou non.<br \/>\nLes prises de contrat auront lieu les <strong>25 f\u00e9vrier, 3 et 10 mars<\/strong>. Pensez \u00e0 apporter vos contrats imprim\u00e9s (<strong>attention: 2 pages<\/strong>)<br \/>\nVos coordinatrices: Colette Galland, Sylvie C\u00e9sard, Ghislaine Doucet<\/p>\n<p>Contrat \u00e0 t\u00e9l\u00e9charger\u00a0<a href=\"http:\/\/www.amaplaneteblanquefort.fr\/wordpress\/wp-content\/uploads\/2016\/02\/contrat-2016-AMAP-BLANQUEFORT-sign\u00e9.pdf\">contrat 2016 AMAP BLANQUEFORT sign\u00e9<\/a>\u00a0 Page 1 et page 2 \u00a0<a href=\"http:\/\/www.amaplaneteblanquefort.fr\/wordpress\/wp-content\/uploads\/2016\/02\/D\u00e9tail-commandes-2016-2.pdf\">D\u00e9tail commandes 2016-2<\/a><\/p>\n<p>Quelques photos de la journ\u00e9e porte ouverte \u00e0 Courpiac pour ceux qui n&rsquo;ont pas eu la chance de se joindre \u00e0 nous<\/p>\n<p><a href=\"http:\/\/www.amaplaneteblanquefort.fr\/wordpress\/wp-content\/uploads\/2016\/02\/IMG_6573.jpg\"><img loading=\"lazy\" decoding=\"async\" class=\"alignnone size-medium wp-image-6671\" src=\"http:\/\/www.amaplaneteblanquefort.fr\/wordpress\/wp-content\/uploads\/2016\/02\/IMG_6573-300x200.jpg\" alt=\"IMG_6573\" width=\"300\" height=\"200\" srcset=\"http:\/\/www.amaplaneteblanquefort.fr\/wordpress\/wp-content\/uploads\/2016\/02\/IMG_6573-300x200.jpg 300w, http:\/\/www.amaplaneteblanquefort.fr\/wordpress\/wp-content\/uploads\/2016\/02\/IMG_6573-1024x683.jpg 1024w, http:\/\/www.amaplaneteblanquefort.fr\/wordpress\/wp-content\/uploads\/2016\/02\/IMG_6573.jpg 1200w\" sizes=\"auto, (max-width: 300px) 100vw, 300px\" \/><\/a>\u00a0 \u00a0 \u00a0 \u00a0 \u00a0 \u00a0\u00a0<a href=\"http:\/\/www.amaplaneteblanquefort.fr\/wordpress\/wp-content\/uploads\/2016\/02\/IMG_6580.jpg\"><img loading=\"lazy\" decoding=\"async\" class=\"alignnone size-medium wp-image-6672\" src=\"http:\/\/www.amaplaneteblanquefort.fr\/wordpress\/wp-content\/uploads\/2016\/02\/IMG_6580-300x200.jpg\" alt=\"IMG_6580\" width=\"300\" height=\"200\" srcset=\"http:\/\/www.amaplaneteblanquefort.fr\/wordpress\/wp-content\/uploads\/2016\/02\/IMG_6580-300x200.jpg 300w, http:\/\/www.amaplaneteblanquefort.fr\/wordpress\/wp-content\/uploads\/2016\/02\/IMG_6580-1024x683.jpg 1024w, http:\/\/www.amaplaneteblanquefort.fr\/wordpress\/wp-content\/uploads\/2016\/02\/IMG_6580.jpg 1200w\" sizes=\"auto, (max-width: 300px) 100vw, 300px\" \/><\/a><\/p>\n<p><a href=\"http:\/\/www.amaplaneteblanquefort.fr\/wordpress\/wp-content\/uploads\/2016\/02\/IMG_6597.jpg\"><img loading=\"lazy\" decoding=\"async\" class=\"alignnone size-medium wp-image-6673\" src=\"http:\/\/www.amaplaneteblanquefort.fr\/wordpress\/wp-content\/uploads\/2016\/02\/IMG_6597-200x300.jpg\" alt=\"IMG_6597\" width=\"200\" height=\"300\" srcset=\"http:\/\/www.amaplaneteblanquefort.fr\/wordpress\/wp-content\/uploads\/2016\/02\/IMG_6597-200x300.jpg 200w, http:\/\/www.amaplaneteblanquefort.fr\/wordpress\/wp-content\/uploads\/2016\/02\/IMG_6597-683x1024.jpg 683w, http:\/\/www.amaplaneteblanquefort.fr\/wordpress\/wp-content\/uploads\/2016\/02\/IMG_6597.jpg 800w\" sizes=\"auto, (max-width: 200px) 100vw, 200px\" \/><\/a>\u00a0 \u00a0\u00a0<a href=\"http:\/\/www.amaplaneteblanquefort.fr\/wordpress\/wp-content\/uploads\/2016\/02\/IMG_6621.jpg\"><img loading=\"lazy\" decoding=\"async\" class=\"alignnone size-medium wp-image-6674\" src=\"http:\/\/www.amaplaneteblanquefort.fr\/wordpress\/wp-content\/uploads\/2016\/02\/IMG_6621-300x200.jpg\" alt=\"IMG_6621\" width=\"300\" height=\"200\" srcset=\"http:\/\/www.amaplaneteblanquefort.fr\/wordpress\/wp-content\/uploads\/2016\/02\/IMG_6621-300x200.jpg 300w, http:\/\/www.amaplaneteblanquefort.fr\/wordpress\/wp-content\/uploads\/2016\/02\/IMG_6621-1024x683.jpg 1024w, http:\/\/www.amaplaneteblanquefort.fr\/wordpress\/wp-content\/uploads\/2016\/02\/IMG_6621.jpg 1200w\" sizes=\"auto, (max-width: 300px) 100vw, 300px\" \/><\/a><\/p>\n<p>&nbsp;<\/p>\n","protected":false},"excerpt":{"rendered":"<p>Nous vous proposons le nouveau contrat \u00ab\u00a0fromage de ch\u00e8vre\u00a0\u00bb de la ferme Manieu No\u00ebl, productrice Marl\u00e8ne Serrano. Il couvre la p\u00e9riode du 24 mars au 15 d\u00e9cembre 2016. Cette ann\u00e9e encore, en plus des produits unitaires, des plateaux 5 ou 7 fromages vous sont propos\u00e9s. Et en fin d&rsquo;ann\u00e9e, une commande suppl\u00e9mentaire \u00ab\u00a0sp\u00e9ciale No\u00ebl\u00a0\u00bb, livrable &hellip; <a href=\"http:\/\/www.amaplaneteblanquefort.fr\/wordpress\/2016\/03\/09\/nouveau-contrat-chevre\/\" class=\"more-link\">Continuer la lecture de <span class=\"screen-reader-text\">Nouveau contrat fromages de ch\u00e8vre<\/span> <span class=\"meta-nav\">&rarr;<\/span><\/a><\/p>\n","protected":false},"author":7,"featured_media":0,"comment_status":"open","ping_status":"open","sticky":false,"template":"","format":"standard","meta":{"footnotes":""},"categories":[23],"tags":[],"class_list":["post-6662","post","type-post","status-publish","format-standard","hentry","category-11-fromages-de-chevre"],"_links":{"self":[{"href":"http:\/\/www.amaplaneteblanquefort.fr\/wordpress\/wp-json\/wp\/v2\/posts\/6662","targetHints":{"allow":["GET"]}}],"collection":[{"href":"http:\/\/www.amaplaneteblanquefort.fr\/wordpress\/wp-json\/wp\/v2\/posts"}],"about":[{"href":"http:\/\/www.amaplaneteblanquefort.fr\/wordpress\/wp-json\/wp\/v2\/types\/post"}],"author":[{"embeddable":true,"href":"http:\/\/www.amaplaneteblanquefort.fr\/wordpress\/wp-json\/wp\/v2\/users\/7"}],"replies":[{"embeddable":true,"href":"http:\/\/www.amaplaneteblanquefort.fr\/wordpress\/wp-json\/wp\/v2\/comments?post=6662"}],"version-history":[{"count":10,"href":"http:\/\/www.amaplaneteblanquefort.fr\/wordpress\/wp-json\/wp\/v2\/posts\/6662\/revisions"}],"predecessor-version":[{"id":6680,"href":"http:\/\/www.amaplaneteblanquefort.fr\/wordpress\/wp-json\/wp\/v2\/posts\/6662\/revisions\/6680"}],"wp:attachment":[{"href":"http:\/\/www.amaplaneteblanquefort.fr\/wordpress\/wp-json\/wp\/v2\/media?parent=6662"}],"wp:term":[{"taxonomy":"category","embeddable":true,"href":"http:\/\/www.amaplaneteblanquefort.fr\/wordpress\/wp-json\/wp\/v2\/categories?post=6662"},{"taxonomy":"post_tag","embeddable":true,"href":"http:\/\/www.amaplaneteblanquefort.fr\/wordpress\/wp-json\/wp\/v2\/tags?post=6662"}],"curies":[{"name":"wp","href":"https:\/\/api.w.org\/{rel}","templated":true}]}}