{"id":6633,"date":"2016-02-08T19:50:23","date_gmt":"2016-02-08T18:50:23","guid":{"rendered":"http:\/\/www.amaplaneteblanquefort.fr\/wordpress\/?p=6633"},"modified":"2016-02-08T19:52:13","modified_gmt":"2016-02-08T18:52:13","slug":"ladhesion-2016","status":"publish","type":"post","link":"http:\/\/www.amaplaneteblanquefort.fr\/wordpress\/2016\/02\/08\/ladhesion-2016\/","title":{"rendered":"L&rsquo;adh\u00e9sion 2016"},"content":{"rendered":"<p><a href=\"http:\/\/www.amaplaneteblanquefort.fr\/wordpress\/wp-content\/uploads\/2016\/01\/important.jpg\"><img loading=\"lazy\" decoding=\"async\" class=\"alignleft size-full wp-image-6580\" src=\"http:\/\/www.amaplaneteblanquefort.fr\/wordpress\/wp-content\/uploads\/2016\/01\/important.jpg\" alt=\"important\" width=\"226\" height=\"223\" \/><\/a><\/p>\n<p><strong>Apr\u00e8s l\u2019assembl\u00e9e g\u00e9n\u00e9rale du 5 f\u00e9vrier,\u00a0 voici venu le moment de prendre ou renouveler votre adh\u00e9sion 2016 aupr\u00e8s d\u2019Amaplan\u00e8te-Blanquefort.<\/strong><\/p>\n<p><a href=\"http:\/\/www.amaplaneteblanquefort.fr\/wordpress\/wp-content\/uploads\/2016\/02\/AMAPlan\u00e8te-Adh\u00e9sion2016.pdf\">AMAPlan\u00e8te Adh\u00e9sion2016<\/a><\/p>\n<p><strong>D\u00e8s jeudi 11 f\u00e9vrier, lors de la livraison des produits, vous pourrez d\u00e9poser votre document compl\u00e9t\u00e9 et accompagn\u00e9 du r\u00e8glement.<\/strong><\/p>\n<p><strong>La carte d\u2019adh\u00e9rent 2016 remise \u00e0 ce moment l\u00e0, sera demand\u00e9e avant toute prise de contrat.<\/strong><\/p>\n<p><strong>A bient\u00f4t\u2026<\/strong><\/p>\n<p><strong>la coordination<\/strong><\/p>\n","protected":false},"excerpt":{"rendered":"<p>Apr\u00e8s l\u2019assembl\u00e9e g\u00e9n\u00e9rale du 5 f\u00e9vrier,\u00a0 voici venu le moment de prendre ou renouveler votre adh\u00e9sion 2016 aupr\u00e8s d\u2019Amaplan\u00e8te-Blanquefort. AMAPlan\u00e8te Adh\u00e9sion2016 D\u00e8s jeudi 11 f\u00e9vrier, lors de la livraison des produits, vous pourrez d\u00e9poser votre document compl\u00e9t\u00e9 et accompagn\u00e9 du r\u00e8glement. La carte d\u2019adh\u00e9rent 2016 remise \u00e0 ce moment l\u00e0, sera demand\u00e9e avant toute prise &hellip; <a href=\"http:\/\/www.amaplaneteblanquefort.fr\/wordpress\/2016\/02\/08\/ladhesion-2016\/\" class=\"more-link\">Continuer la lecture de <span class=\"screen-reader-text\">L&rsquo;adh\u00e9sion 2016<\/span> <span class=\"meta-nav\">&rarr;<\/span><\/a><\/p>\n","protected":false},"author":1,"featured_media":0,"comment_status":"open","ping_status":"open","sticky":false,"template":"","format":"standard","meta":{"footnotes":""},"categories":[33],"tags":[],"class_list":["post-6633","post","type-post","status-publish","format-standard","hentry","category-b-la-conduite-de-lassociation"],"_links":{"self":[{"href":"http:\/\/www.amaplaneteblanquefort.fr\/wordpress\/wp-json\/wp\/v2\/posts\/6633","targetHints":{"allow":["GET"]}}],"collection":[{"href":"http:\/\/www.amaplaneteblanquefort.fr\/wordpress\/wp-json\/wp\/v2\/posts"}],"about":[{"href":"http:\/\/www.amaplaneteblanquefort.fr\/wordpress\/wp-json\/wp\/v2\/types\/post"}],"author":[{"embeddable":true,"href":"http:\/\/www.amaplaneteblanquefort.fr\/wordpress\/wp-json\/wp\/v2\/users\/1"}],"replies":[{"embeddable":true,"href":"http:\/\/www.amaplaneteblanquefort.fr\/wordpress\/wp-json\/wp\/v2\/comments?post=6633"}],"version-history":[{"count":1,"href":"http:\/\/www.amaplaneteblanquefort.fr\/wordpress\/wp-json\/wp\/v2\/posts\/6633\/revisions"}],"predecessor-version":[{"id":6635,"href":"http:\/\/www.amaplaneteblanquefort.fr\/wordpress\/wp-json\/wp\/v2\/posts\/6633\/revisions\/6635"}],"wp:attachment":[{"href":"http:\/\/www.amaplaneteblanquefort.fr\/wordpress\/wp-json\/wp\/v2\/media?parent=6633"}],"wp:term":[{"taxonomy":"category","embeddable":true,"href":"http:\/\/www.amaplaneteblanquefort.fr\/wordpress\/wp-json\/wp\/v2\/categories?post=6633"},{"taxonomy":"post_tag","embeddable":true,"href":"http:\/\/www.amaplaneteblanquefort.fr\/wordpress\/wp-json\/wp\/v2\/tags?post=6633"}],"curies":[{"name":"wp","href":"https:\/\/api.w.org\/{rel}","templated":true}]}}