{"id":6575,"date":"2016-01-24T21:17:47","date_gmt":"2016-01-24T20:17:47","guid":{"rendered":"http:\/\/www.amaplaneteblanquefort.fr\/wordpress\/?p=6575"},"modified":"2016-01-26T11:21:09","modified_gmt":"2016-01-26T10:21:09","slug":"contrat-porc-2016","status":"publish","type":"post","link":"http:\/\/www.amaplaneteblanquefort.fr\/wordpress\/2016\/01\/24\/contrat-porc-2016\/","title":{"rendered":"Contrat Porc 2016"},"content":{"rendered":"<p>Bonjour,<\/p>\n<p>Le nouveau contrat pour du porc bio de de Sauviac en Gironde est arriv\u00e9. Il pr\u00e9voit un engagement pour 4 livraisons (10 mars, 16 juin, 15 septembre et 8 d\u00e9cembre).<\/p>\n<p>Les prises de contrat se feront les : 4 et 11 f\u00e9vrier.<\/p>\n<p>Pour finaliser les contrats il nous faudra un total minimum de 150 kg de viande en colis, pour chacune des livraisons. Alors mangeons du cochon.<\/p>\n<p><a href=\"http:\/\/www.amaplaneteblanquefort.fr\/wordpress\/wp-content\/uploads\/2016\/01\/ContratPorc2016.pdf\">ContratPorc2016<\/a><\/p>\n<p>Les coordinateurs<\/p>\n","protected":false},"excerpt":{"rendered":"<p>Bonjour, Le nouveau contrat pour du porc bio de de Sauviac en Gironde est arriv\u00e9. Il pr\u00e9voit un engagement pour 4 livraisons (10 mars, 16 juin, 15 septembre et 8 d\u00e9cembre). Les prises de contrat se feront les : 4 et 11 f\u00e9vrier. Pour finaliser les contrats il nous faudra un total minimum de 150 &hellip; <a href=\"http:\/\/www.amaplaneteblanquefort.fr\/wordpress\/2016\/01\/24\/contrat-porc-2016\/\" class=\"more-link\">Continuer la lecture de <span class=\"screen-reader-text\">Contrat Porc 2016<\/span> <span class=\"meta-nav\">&rarr;<\/span><\/a><\/p>\n","protected":false},"author":451,"featured_media":0,"comment_status":"open","ping_status":"open","sticky":false,"template":"","format":"standard","meta":{"footnotes":""},"categories":[34],"tags":[],"class_list":["post-6575","post","type-post","status-publish","format-standard","hentry","category-16-porc-bio"],"_links":{"self":[{"href":"http:\/\/www.amaplaneteblanquefort.fr\/wordpress\/wp-json\/wp\/v2\/posts\/6575","targetHints":{"allow":["GET"]}}],"collection":[{"href":"http:\/\/www.amaplaneteblanquefort.fr\/wordpress\/wp-json\/wp\/v2\/posts"}],"about":[{"href":"http:\/\/www.amaplaneteblanquefort.fr\/wordpress\/wp-json\/wp\/v2\/types\/post"}],"author":[{"embeddable":true,"href":"http:\/\/www.amaplaneteblanquefort.fr\/wordpress\/wp-json\/wp\/v2\/users\/451"}],"replies":[{"embeddable":true,"href":"http:\/\/www.amaplaneteblanquefort.fr\/wordpress\/wp-json\/wp\/v2\/comments?post=6575"}],"version-history":[{"count":2,"href":"http:\/\/www.amaplaneteblanquefort.fr\/wordpress\/wp-json\/wp\/v2\/posts\/6575\/revisions"}],"predecessor-version":[{"id":6598,"href":"http:\/\/www.amaplaneteblanquefort.fr\/wordpress\/wp-json\/wp\/v2\/posts\/6575\/revisions\/6598"}],"wp:attachment":[{"href":"http:\/\/www.amaplaneteblanquefort.fr\/wordpress\/wp-json\/wp\/v2\/media?parent=6575"}],"wp:term":[{"taxonomy":"category","embeddable":true,"href":"http:\/\/www.amaplaneteblanquefort.fr\/wordpress\/wp-json\/wp\/v2\/categories?post=6575"},{"taxonomy":"post_tag","embeddable":true,"href":"http:\/\/www.amaplaneteblanquefort.fr\/wordpress\/wp-json\/wp\/v2\/tags?post=6575"}],"curies":[{"name":"wp","href":"https:\/\/api.w.org\/{rel}","templated":true}]}}