{"id":6563,"date":"2016-02-01T12:07:11","date_gmt":"2016-02-01T11:07:11","guid":{"rendered":"http:\/\/www.amaplaneteblanquefort.fr\/wordpress\/?p=6563"},"modified":"2016-02-01T12:15:04","modified_gmt":"2016-02-01T11:15:04","slug":"assemblee-generale-le-vendredi-5-fevrier-2016","status":"publish","type":"post","link":"http:\/\/www.amaplaneteblanquefort.fr\/wordpress\/2016\/02\/01\/assemblee-generale-le-vendredi-5-fevrier-2016\/","title":{"rendered":"Assembl\u00e9e g\u00e9n\u00e9rale le vendredi 5 f\u00e9vrier 2016"},"content":{"rendered":"<h4>Nous vous attendons nombreux\u00a0 le Vendredi 5 f\u00e9vier 2016 \u00e0 18 h 30<\/h4>\n<p><strong>Pour l&rsquo;assembl\u00e9e g\u00e9n\u00e9rale d&rsquo;Amaplan\u00e8te-Blanquefort <a href=\"http:\/\/www.amaplaneteblanquefort.fr\/wordpress\/wp-content\/uploads\/2016\/01\/logo.jpg\"><img loading=\"lazy\" decoding=\"async\" class=\"alignleft size-full wp-image-6569\" src=\"http:\/\/www.amaplaneteblanquefort.fr\/wordpress\/wp-content\/uploads\/2016\/01\/logo.jpg\" alt=\"logo\" width=\"72\" height=\"73\" \/><\/a><br \/>\n<\/strong><\/p>\n<h4>A la Maison des Services Publics de Caychac (\u00e0 c\u00f4t\u00e9 de l\u2019\u00e9glise)<\/h4>\n<p><strong>Nous terminerons par un petit moment de convivialit\u00e9 autour d&rsquo;un verre et autres douceurs&#8230;&#8230;.<\/strong><\/p>\n<p><a href=\"http:\/\/www.amaplaneteblanquefort.fr\/wordpress\/wp-content\/uploads\/2016\/01\/convocation-et-ordre-du-jour-AG-2016.pdf\">convocation et ordre du jour AG 2016<\/a><\/p>\n<p><a href=\"http:\/\/www.amaplaneteblanquefort.fr\/wordpress\/wp-content\/uploads\/2016\/01\/Procuration-AG-2016.pdf\">Procuration AG 2016<\/a><\/p>\n","protected":false},"excerpt":{"rendered":"<p>Nous vous attendons nombreux\u00a0 le Vendredi 5 f\u00e9vier 2016 \u00e0 18 h 30 Pour l&rsquo;assembl\u00e9e g\u00e9n\u00e9rale d&rsquo;Amaplan\u00e8te-Blanquefort A la Maison des Services Publics de Caychac (\u00e0 c\u00f4t\u00e9 de l\u2019\u00e9glise) Nous terminerons par un petit moment de convivialit\u00e9 autour d&rsquo;un verre et autres douceurs&#8230;&#8230;. convocation et ordre du jour AG 2016 Procuration AG 2016<\/p>\n","protected":false},"author":1,"featured_media":0,"comment_status":"open","ping_status":"open","sticky":false,"template":"","format":"standard","meta":{"footnotes":""},"categories":[33],"tags":[],"class_list":["post-6563","post","type-post","status-publish","format-standard","hentry","category-b-la-conduite-de-lassociation"],"_links":{"self":[{"href":"http:\/\/www.amaplaneteblanquefort.fr\/wordpress\/wp-json\/wp\/v2\/posts\/6563","targetHints":{"allow":["GET"]}}],"collection":[{"href":"http:\/\/www.amaplaneteblanquefort.fr\/wordpress\/wp-json\/wp\/v2\/posts"}],"about":[{"href":"http:\/\/www.amaplaneteblanquefort.fr\/wordpress\/wp-json\/wp\/v2\/types\/post"}],"author":[{"embeddable":true,"href":"http:\/\/www.amaplaneteblanquefort.fr\/wordpress\/wp-json\/wp\/v2\/users\/1"}],"replies":[{"embeddable":true,"href":"http:\/\/www.amaplaneteblanquefort.fr\/wordpress\/wp-json\/wp\/v2\/comments?post=6563"}],"version-history":[{"count":3,"href":"http:\/\/www.amaplaneteblanquefort.fr\/wordpress\/wp-json\/wp\/v2\/posts\/6563\/revisions"}],"predecessor-version":[{"id":6570,"href":"http:\/\/www.amaplaneteblanquefort.fr\/wordpress\/wp-json\/wp\/v2\/posts\/6563\/revisions\/6570"}],"wp:attachment":[{"href":"http:\/\/www.amaplaneteblanquefort.fr\/wordpress\/wp-json\/wp\/v2\/media?parent=6563"}],"wp:term":[{"taxonomy":"category","embeddable":true,"href":"http:\/\/www.amaplaneteblanquefort.fr\/wordpress\/wp-json\/wp\/v2\/categories?post=6563"},{"taxonomy":"post_tag","embeddable":true,"href":"http:\/\/www.amaplaneteblanquefort.fr\/wordpress\/wp-json\/wp\/v2\/tags?post=6563"}],"curies":[{"name":"wp","href":"https:\/\/api.w.org\/{rel}","templated":true}]}}