{"id":6523,"date":"2016-01-02T14:15:39","date_gmt":"2016-01-02T13:15:39","guid":{"rendered":"http:\/\/www.amaplaneteblanquefort.fr\/wordpress\/?p=6523"},"modified":"2016-01-02T14:15:39","modified_gmt":"2016-01-02T13:15:39","slug":"meilleurs-voeux-de-lequipe-damaplanete-blanquefort","status":"publish","type":"post","link":"http:\/\/www.amaplaneteblanquefort.fr\/wordpress\/2016\/01\/02\/meilleurs-voeux-de-lequipe-damaplanete-blanquefort\/","title":{"rendered":"Meilleurs voeux de l&rsquo;\u00e9quipe d&rsquo;Amaplan\u00e8te-Blanquefort"},"content":{"rendered":"<p><a href=\"http:\/\/www.amaplaneteblanquefort.fr\/wordpress\/wp-content\/uploads\/2016\/01\/Bonne-Annee-2016-Fond-Ecran-HD-2560x1600.jpg\"><img loading=\"lazy\" decoding=\"async\" class=\"size-medium wp-image-6524 aligncenter\" src=\"http:\/\/www.amaplaneteblanquefort.fr\/wordpress\/wp-content\/uploads\/2016\/01\/Bonne-Annee-2016-Fond-Ecran-HD-2560x1600-300x169.jpg\" alt=\"Bonne-Annee-2016-Fond-Ecran-HD-2560x1600\" width=\"300\" height=\"169\" \/><\/a><span style=\"color: #800080;\"><strong>Amis amapiens et coordinateurs, vous nous avez accompagn\u00e9s tout au long de 2015&#8230;dans la joie, la bonne humeur, le partage&#8230;nous esp\u00e9rons continuer ainsi avec vous encore longtemps ! <\/strong><\/span><\/p>\n<p><span style=\"color: #800080;\"><strong>Merci pour votre implication lors des livraisons, votre soutien aux producteurs si m\u00e9ritants&#8230;sans vous, rien ne serait possible ! <\/strong><\/span><\/p>\n<p><span style=\"color: #800080;\"><strong>Merci \u00e0 vous les producteurs, pour vos produits de super qualit\u00e9, votre disponibilit\u00e9, votre \u00e9coute afin de satisfaire chacun d&rsquo;entre nous !<br \/>\n<\/strong><\/span><\/p>\n<p><span style=\"color: #800080;\"><strong>Nous\u00a0 souhaitons que cette nouvelle ann\u00e9e vous apporte beaucoup de bonheur, la sant\u00e9, du travail et de l&rsquo;apaisement dans les moments plus difficiles&#8230;.<\/strong><\/span><\/p>\n<p><span style=\"color: #800080;\"><strong>La coordination g\u00e9n\u00e9rale&#8230;<\/strong><\/span><\/p>\n<p>&nbsp;<\/p>\n","protected":false},"excerpt":{"rendered":"<p>Amis amapiens et coordinateurs, vous nous avez accompagn\u00e9s tout au long de 2015&#8230;dans la joie, la bonne humeur, le partage&#8230;nous esp\u00e9rons continuer ainsi avec vous encore longtemps ! Merci pour votre implication lors des livraisons, votre soutien aux producteurs si m\u00e9ritants&#8230;sans vous, rien ne serait possible ! Merci \u00e0 vous les producteurs, pour vos produits &hellip; <a href=\"http:\/\/www.amaplaneteblanquefort.fr\/wordpress\/2016\/01\/02\/meilleurs-voeux-de-lequipe-damaplanete-blanquefort\/\" class=\"more-link\">Continuer la lecture de <span class=\"screen-reader-text\">Meilleurs voeux de l&rsquo;\u00e9quipe d&rsquo;Amaplan\u00e8te-Blanquefort<\/span> <span class=\"meta-nav\">&rarr;<\/span><\/a><\/p>\n","protected":false},"author":1,"featured_media":0,"comment_status":"open","ping_status":"open","sticky":false,"template":"","format":"standard","meta":{"footnotes":""},"categories":[30],"tags":[],"class_list":["post-6523","post","type-post","status-publish","format-standard","hentry","category-les-festivites"],"_links":{"self":[{"href":"http:\/\/www.amaplaneteblanquefort.fr\/wordpress\/wp-json\/wp\/v2\/posts\/6523","targetHints":{"allow":["GET"]}}],"collection":[{"href":"http:\/\/www.amaplaneteblanquefort.fr\/wordpress\/wp-json\/wp\/v2\/posts"}],"about":[{"href":"http:\/\/www.amaplaneteblanquefort.fr\/wordpress\/wp-json\/wp\/v2\/types\/post"}],"author":[{"embeddable":true,"href":"http:\/\/www.amaplaneteblanquefort.fr\/wordpress\/wp-json\/wp\/v2\/users\/1"}],"replies":[{"embeddable":true,"href":"http:\/\/www.amaplaneteblanquefort.fr\/wordpress\/wp-json\/wp\/v2\/comments?post=6523"}],"version-history":[{"count":5,"href":"http:\/\/www.amaplaneteblanquefort.fr\/wordpress\/wp-json\/wp\/v2\/posts\/6523\/revisions"}],"predecessor-version":[{"id":6529,"href":"http:\/\/www.amaplaneteblanquefort.fr\/wordpress\/wp-json\/wp\/v2\/posts\/6523\/revisions\/6529"}],"wp:attachment":[{"href":"http:\/\/www.amaplaneteblanquefort.fr\/wordpress\/wp-json\/wp\/v2\/media?parent=6523"}],"wp:term":[{"taxonomy":"category","embeddable":true,"href":"http:\/\/www.amaplaneteblanquefort.fr\/wordpress\/wp-json\/wp\/v2\/categories?post=6523"},{"taxonomy":"post_tag","embeddable":true,"href":"http:\/\/www.amaplaneteblanquefort.fr\/wordpress\/wp-json\/wp\/v2\/tags?post=6523"}],"curies":[{"name":"wp","href":"https:\/\/api.w.org\/{rel}","templated":true}]}}