{"id":6519,"date":"2015-12-23T18:02:23","date_gmt":"2015-12-23T17:02:23","guid":{"rendered":"http:\/\/www.amaplaneteblanquefort.fr\/wordpress\/?p=6519"},"modified":"2016-03-03T22:07:54","modified_gmt":"2016-03-03T21:07:54","slug":"renouvellement-du-contrat-pain-4","status":"publish","type":"post","link":"http:\/\/www.amaplaneteblanquefort.fr\/wordpress\/2015\/12\/23\/renouvellement-du-contrat-pain-4\/","title":{"rendered":"Renouvellement du contrat pain"},"content":{"rendered":"<p>Pour ceux qui n&rsquo;ont pas pu renouveler le contrat pain le 17 d\u00e9cembre<\/p>\n<p>C&rsquo;est encore possible en l&rsquo;envoyant par courrier \u00e0<\/p>\n<p>Madame Dominique GIRALDA<\/p>\n<p>2 rue de monteil 33290 Blanquefort<\/p>\n<p>Toute l&rsquo;\u00e9quipe du contrat pain vous souhaite de joyeuses f\u00eates.<\/p>\n<p><a href=\"http:\/\/www.amaplaneteblanquefort.fr\/wordpress\/wp-content\/uploads\/2015\/12\/contrat-pain-Janvier-Juin-2016-.pdf\">contrat pain Janvier Juin 2016<\/a><\/p>\n","protected":false},"excerpt":{"rendered":"<p>Pour ceux qui n&rsquo;ont pas pu renouveler le contrat pain le 17 d\u00e9cembre C&rsquo;est encore possible en l&rsquo;envoyant par courrier \u00e0 Madame Dominique GIRALDA 2 rue de monteil 33290 Blanquefort Toute l&rsquo;\u00e9quipe du contrat pain vous souhaite de joyeuses f\u00eates. contrat pain Janvier Juin 2016<\/p>\n","protected":false},"author":7,"featured_media":0,"comment_status":"open","ping_status":"open","sticky":false,"template":"","format":"standard","meta":{"footnotes":""},"categories":[22],"tags":[],"class_list":["post-6519","post","type-post","status-publish","format-standard","hentry","category-10-volailles"],"_links":{"self":[{"href":"http:\/\/www.amaplaneteblanquefort.fr\/wordpress\/wp-json\/wp\/v2\/posts\/6519","targetHints":{"allow":["GET"]}}],"collection":[{"href":"http:\/\/www.amaplaneteblanquefort.fr\/wordpress\/wp-json\/wp\/v2\/posts"}],"about":[{"href":"http:\/\/www.amaplaneteblanquefort.fr\/wordpress\/wp-json\/wp\/v2\/types\/post"}],"author":[{"embeddable":true,"href":"http:\/\/www.amaplaneteblanquefort.fr\/wordpress\/wp-json\/wp\/v2\/users\/7"}],"replies":[{"embeddable":true,"href":"http:\/\/www.amaplaneteblanquefort.fr\/wordpress\/wp-json\/wp\/v2\/comments?post=6519"}],"version-history":[{"count":2,"href":"http:\/\/www.amaplaneteblanquefort.fr\/wordpress\/wp-json\/wp\/v2\/posts\/6519\/revisions"}],"predecessor-version":[{"id":6521,"href":"http:\/\/www.amaplaneteblanquefort.fr\/wordpress\/wp-json\/wp\/v2\/posts\/6519\/revisions\/6521"}],"wp:attachment":[{"href":"http:\/\/www.amaplaneteblanquefort.fr\/wordpress\/wp-json\/wp\/v2\/media?parent=6519"}],"wp:term":[{"taxonomy":"category","embeddable":true,"href":"http:\/\/www.amaplaneteblanquefort.fr\/wordpress\/wp-json\/wp\/v2\/categories?post=6519"},{"taxonomy":"post_tag","embeddable":true,"href":"http:\/\/www.amaplaneteblanquefort.fr\/wordpress\/wp-json\/wp\/v2\/tags?post=6519"}],"curies":[{"name":"wp","href":"https:\/\/api.w.org\/{rel}","templated":true}]}}