{"id":6491,"date":"2015-12-07T12:43:37","date_gmt":"2015-12-07T11:43:37","guid":{"rendered":"http:\/\/www.amaplaneteblanquefort.fr\/wordpress\/?p=6491"},"modified":"2015-12-07T12:43:37","modified_gmt":"2015-12-07T11:43:37","slug":"du-pain-depices","status":"publish","type":"post","link":"http:\/\/www.amaplaneteblanquefort.fr\/wordpress\/2015\/12\/07\/du-pain-depices\/","title":{"rendered":"Du pain d&rsquo;\u00e9pices&#8230;."},"content":{"rendered":"<p>Bernard Simian , notre apiculteur\u00a0 propose de faire quelques pains d&rsquo;\u00e9pices( 10 maximum) avec son miel, bien entendu..<\/p>\n<p>Voici ce contrat ponctuel: \u00a0\u00a0 <a href=\"http:\/\/www.amaplaneteblanquefort.fr\/wordpress\/wp-content\/uploads\/2015\/12\/Pain-d\u00e9pices-2015.pdf\">Pain d&rsquo;\u00e9pices-2015\u00a0 <\/a><a href=\"http:\/\/www.amaplaneteblanquefort.fr\/wordpress\/wp-content\/uploads\/2015\/03\/images.jpg\"><img loading=\"lazy\" decoding=\"async\" class=\"alignright size-full wp-image-4393\" src=\"http:\/\/www.amaplaneteblanquefort.fr\/wordpress\/wp-content\/uploads\/2015\/03\/images.jpg\" alt=\"images\" width=\"276\" height=\"183\" \/><\/a><\/p>\n<p><strong>Vous pourrez le d\u00e9poser compl\u00e9t\u00e9 et accompagn\u00e9 du r\u00e8glement jeudi 10 d\u00e9cembre<\/strong>, pour une <strong>livraison jeudi 17 d\u00e9cembre<\/strong>.<\/p>\n","protected":false},"excerpt":{"rendered":"<p>Bernard Simian , notre apiculteur\u00a0 propose de faire quelques pains d&rsquo;\u00e9pices( 10 maximum) avec son miel, bien entendu.. Voici ce contrat ponctuel: \u00a0\u00a0 Pain d&rsquo;\u00e9pices-2015\u00a0 Vous pourrez le d\u00e9poser compl\u00e9t\u00e9 et accompagn\u00e9 du r\u00e8glement jeudi 10 d\u00e9cembre, pour une livraison jeudi 17 d\u00e9cembre.<\/p>\n","protected":false},"author":1,"featured_media":0,"comment_status":"open","ping_status":"open","sticky":false,"template":"","format":"standard","meta":{"footnotes":""},"categories":[24],"tags":[],"class_list":["post-6491","post","type-post","status-publish","format-standard","hentry","category-12-miel"],"_links":{"self":[{"href":"http:\/\/www.amaplaneteblanquefort.fr\/wordpress\/wp-json\/wp\/v2\/posts\/6491","targetHints":{"allow":["GET"]}}],"collection":[{"href":"http:\/\/www.amaplaneteblanquefort.fr\/wordpress\/wp-json\/wp\/v2\/posts"}],"about":[{"href":"http:\/\/www.amaplaneteblanquefort.fr\/wordpress\/wp-json\/wp\/v2\/types\/post"}],"author":[{"embeddable":true,"href":"http:\/\/www.amaplaneteblanquefort.fr\/wordpress\/wp-json\/wp\/v2\/users\/1"}],"replies":[{"embeddable":true,"href":"http:\/\/www.amaplaneteblanquefort.fr\/wordpress\/wp-json\/wp\/v2\/comments?post=6491"}],"version-history":[{"count":2,"href":"http:\/\/www.amaplaneteblanquefort.fr\/wordpress\/wp-json\/wp\/v2\/posts\/6491\/revisions"}],"predecessor-version":[{"id":6494,"href":"http:\/\/www.amaplaneteblanquefort.fr\/wordpress\/wp-json\/wp\/v2\/posts\/6491\/revisions\/6494"}],"wp:attachment":[{"href":"http:\/\/www.amaplaneteblanquefort.fr\/wordpress\/wp-json\/wp\/v2\/media?parent=6491"}],"wp:term":[{"taxonomy":"category","embeddable":true,"href":"http:\/\/www.amaplaneteblanquefort.fr\/wordpress\/wp-json\/wp\/v2\/categories?post=6491"},{"taxonomy":"post_tag","embeddable":true,"href":"http:\/\/www.amaplaneteblanquefort.fr\/wordpress\/wp-json\/wp\/v2\/tags?post=6491"}],"curies":[{"name":"wp","href":"https:\/\/api.w.org\/{rel}","templated":true}]}}