{"id":6450,"date":"2015-11-27T17:54:42","date_gmt":"2015-11-27T16:54:42","guid":{"rendered":"http:\/\/www.amaplaneteblanquefort.fr\/wordpress\/?p=6450"},"modified":"2015-11-27T17:56:41","modified_gmt":"2015-11-27T16:56:41","slug":"contrat-bieres-bio","status":"publish","type":"post","link":"http:\/\/www.amaplaneteblanquefort.fr\/wordpress\/2015\/11\/27\/contrat-bieres-bio\/","title":{"rendered":"Prise de contrat Bi\u00e8res bio le 10 d\u00e9cembre"},"content":{"rendered":"<p>Apr\u00e8s plusieurs mois d\u2019absence bien employ\u00e9s \u00e0 se former, Karine et Patrick nous proposent leur nouvelle bi\u00e8re\u00a0: Art\u2019Tizane, fabriqu\u00e9e dans leur micro brasserie toute neuve et install\u00e9e dans le M\u00e9doc.<br \/>\nCette bi\u00e8re est fabriqu\u00e9e \u00e0 partir de produits bio\u00a0provenant dans la mesure du possible de notre r\u00e9gion : Malt d\u2019orge du Sud ouest, bl\u00e9 cru du M\u00e9doc, houblon d\u2019Alsace \u2026.<br \/>\nSont propos\u00e9es dans le contrat\u00a0:<br \/>\nBi\u00e8res blanches, blondes, ambr\u00e9es en 33 cl et 75 cl<br \/>\net une nouveaut\u00e9\u00a0: la bi\u00e8re de saison en 50 cl aux ar\u00f4mes diff\u00e9rents selon les saisons, (bi\u00e8re d\u2019hiver, bi\u00e8re de printemps et bi\u00e8re de mai)<\/p>\n<p>Pour tenir compte de vos souhaits (merci \u00e0 toutes celles et ceux qui ont r\u00e9pondu au sondage) la p\u00e9riodicit\u00e9 de livraison sera tous les 2 mois sur le 1er semestre 2016 soit 07 janvier, 03 mars, 12 mai.<\/p>\n<p>Nos brasseurs nous proposent une d\u00e9gustation le 10 d\u00e9cembre, en m\u00eame temps que la prise de contrat. Merci de venir avec votre contrat t\u00e9l\u00e9charg\u00e9 en cliquant sur le lien suivant.<\/p>\n<p><a href=\"http:\/\/www.amaplaneteblanquefort.fr\/wordpress\/wp-content\/uploads\/2015\/11\/CNTBIERESjanv2016.pdf\">CNTBIERESjanv2016<\/a><\/p>\n<p>&nbsp;<\/p>\n","protected":false},"excerpt":{"rendered":"<p>Apr\u00e8s plusieurs mois d\u2019absence bien employ\u00e9s \u00e0 se former, Karine et Patrick nous proposent leur nouvelle bi\u00e8re\u00a0: Art\u2019Tizane, fabriqu\u00e9e dans leur micro brasserie toute neuve et install\u00e9e dans le M\u00e9doc. Cette bi\u00e8re est fabriqu\u00e9e \u00e0 partir de produits bio\u00a0provenant dans la mesure du possible de notre r\u00e9gion : Malt d\u2019orge du Sud ouest, bl\u00e9 cru &hellip; <a href=\"http:\/\/www.amaplaneteblanquefort.fr\/wordpress\/2015\/11\/27\/contrat-bieres-bio\/\" class=\"more-link\">Continuer la lecture de <span class=\"screen-reader-text\">Prise de contrat Bi\u00e8res bio le 10 d\u00e9cembre<\/span> <span class=\"meta-nav\">&rarr;<\/span><\/a><\/p>\n","protected":false},"author":1,"featured_media":0,"comment_status":"open","ping_status":"open","sticky":false,"template":"","format":"standard","meta":{"footnotes":""},"categories":[37],"tags":[],"class_list":["post-6450","post","type-post","status-publish","format-standard","hentry","category-19-bieres-artisanales"],"_links":{"self":[{"href":"http:\/\/www.amaplaneteblanquefort.fr\/wordpress\/wp-json\/wp\/v2\/posts\/6450","targetHints":{"allow":["GET"]}}],"collection":[{"href":"http:\/\/www.amaplaneteblanquefort.fr\/wordpress\/wp-json\/wp\/v2\/posts"}],"about":[{"href":"http:\/\/www.amaplaneteblanquefort.fr\/wordpress\/wp-json\/wp\/v2\/types\/post"}],"author":[{"embeddable":true,"href":"http:\/\/www.amaplaneteblanquefort.fr\/wordpress\/wp-json\/wp\/v2\/users\/1"}],"replies":[{"embeddable":true,"href":"http:\/\/www.amaplaneteblanquefort.fr\/wordpress\/wp-json\/wp\/v2\/comments?post=6450"}],"version-history":[{"count":2,"href":"http:\/\/www.amaplaneteblanquefort.fr\/wordpress\/wp-json\/wp\/v2\/posts\/6450\/revisions"}],"predecessor-version":[{"id":6453,"href":"http:\/\/www.amaplaneteblanquefort.fr\/wordpress\/wp-json\/wp\/v2\/posts\/6450\/revisions\/6453"}],"wp:attachment":[{"href":"http:\/\/www.amaplaneteblanquefort.fr\/wordpress\/wp-json\/wp\/v2\/media?parent=6450"}],"wp:term":[{"taxonomy":"category","embeddable":true,"href":"http:\/\/www.amaplaneteblanquefort.fr\/wordpress\/wp-json\/wp\/v2\/categories?post=6450"},{"taxonomy":"post_tag","embeddable":true,"href":"http:\/\/www.amaplaneteblanquefort.fr\/wordpress\/wp-json\/wp\/v2\/tags?post=6450"}],"curies":[{"name":"wp","href":"https:\/\/api.w.org\/{rel}","templated":true}]}}