{"id":6411,"date":"2015-10-29T10:18:35","date_gmt":"2015-10-29T09:18:35","guid":{"rendered":"http:\/\/www.amaplaneteblanquefort.fr\/wordpress\/?p=6411"},"modified":"2015-10-29T10:18:35","modified_gmt":"2015-10-29T09:18:35","slug":"tempeh-recettes-dautomne","status":"publish","type":"post","link":"http:\/\/www.amaplaneteblanquefort.fr\/wordpress\/2015\/10\/29\/tempeh-recettes-dautomne\/","title":{"rendered":"Tempeh : Recettes d&rsquo;Automne !"},"content":{"rendered":"<p>Cliquez l\u00e0 dessus pour d\u00e9couvrir les recettes d&rsquo;automne de Nurlaili !<\/p>\n<p><a href=\"http:\/\/www.amaplaneteblanquefort.fr\/wordpress\/wp-content\/uploads\/2015\/10\/recettes-cahier-dAutomne.pdf\">recettes cahier d&rsquo;Automne<\/a><\/p>\n<p>Au jeudi 5 novembre, pour la prise de contrat ! (le document est \u00e0 t\u00e9l\u00e9charger dans le pr\u00e9c\u00e9dent message)<\/p>\n<p>Vos coordinateurs,<\/p>\n<p>Dominique et Yannick<\/p>\n","protected":false},"excerpt":{"rendered":"<p>Cliquez l\u00e0 dessus pour d\u00e9couvrir les recettes d&rsquo;automne de Nurlaili ! recettes cahier d&rsquo;Automne Au jeudi 5 novembre, pour la prise de contrat ! (le document est \u00e0 t\u00e9l\u00e9charger dans le pr\u00e9c\u00e9dent message) Vos coordinateurs, Dominique et Yannick<\/p>\n","protected":false},"author":1,"featured_media":0,"comment_status":"open","ping_status":"open","sticky":false,"template":"","format":"standard","meta":{"footnotes":""},"categories":[39],"tags":[],"class_list":["post-6411","post","type-post","status-publish","format-standard","hentry","category-21-tempeh"],"_links":{"self":[{"href":"http:\/\/www.amaplaneteblanquefort.fr\/wordpress\/wp-json\/wp\/v2\/posts\/6411","targetHints":{"allow":["GET"]}}],"collection":[{"href":"http:\/\/www.amaplaneteblanquefort.fr\/wordpress\/wp-json\/wp\/v2\/posts"}],"about":[{"href":"http:\/\/www.amaplaneteblanquefort.fr\/wordpress\/wp-json\/wp\/v2\/types\/post"}],"author":[{"embeddable":true,"href":"http:\/\/www.amaplaneteblanquefort.fr\/wordpress\/wp-json\/wp\/v2\/users\/1"}],"replies":[{"embeddable":true,"href":"http:\/\/www.amaplaneteblanquefort.fr\/wordpress\/wp-json\/wp\/v2\/comments?post=6411"}],"version-history":[{"count":1,"href":"http:\/\/www.amaplaneteblanquefort.fr\/wordpress\/wp-json\/wp\/v2\/posts\/6411\/revisions"}],"predecessor-version":[{"id":6413,"href":"http:\/\/www.amaplaneteblanquefort.fr\/wordpress\/wp-json\/wp\/v2\/posts\/6411\/revisions\/6413"}],"wp:attachment":[{"href":"http:\/\/www.amaplaneteblanquefort.fr\/wordpress\/wp-json\/wp\/v2\/media?parent=6411"}],"wp:term":[{"taxonomy":"category","embeddable":true,"href":"http:\/\/www.amaplaneteblanquefort.fr\/wordpress\/wp-json\/wp\/v2\/categories?post=6411"},{"taxonomy":"post_tag","embeddable":true,"href":"http:\/\/www.amaplaneteblanquefort.fr\/wordpress\/wp-json\/wp\/v2\/tags?post=6411"}],"curies":[{"name":"wp","href":"https:\/\/api.w.org\/{rel}","templated":true}]}}