{"id":6323,"date":"2015-10-17T20:41:40","date_gmt":"2015-10-17T18:41:40","guid":{"rendered":"http:\/\/www.amaplaneteblanquefort.fr\/wordpress\/?p=6323"},"modified":"2015-10-26T17:57:00","modified_gmt":"2015-10-26T16:57:00","slug":"coffrets-cadeaux-plantes-aromatiques-pour-noel","status":"publish","type":"post","link":"http:\/\/www.amaplaneteblanquefort.fr\/wordpress\/2015\/10\/17\/coffrets-cadeaux-plantes-aromatiques-pour-noel\/","title":{"rendered":"Coffrets cadeaux Plantes aromatiques pour No\u00ebl !"},"content":{"rendered":"<p>Beno\u00eet nous propose de jolis coffrets dont vous trouverez le descriptif\u00a0 ci-dessous. Comme je ne peux malheureusement pas int\u00e9grer la photo (all\u00e9chante) directement, vous pouvez, si vous avez 3 minutes, cliquer sur le lien ci-dessous pour <strong>voir l&rsquo;article avec sa photo<\/strong>. (LE BON DE COMMANDE EST TOUT EN BAS !)<\/p>\n<p><a href=\"http:\/\/www.amaplaneteblanquefort.fr\/wordpress\/wp-content\/uploads\/2015\/10\/Coffrets-cadeaux-B-DIMA.pdf\">Coffrets cadeaux B DIMA<\/a><\/p>\n<p lang=\"fr-FR\" align=\"CENTER\"><span style=\"font-family: Calibri,serif;\"><span style=\"font-size: large;\"><b>COFFRETS CADEAUX CULTIVATEUR DE SAVEURS<\/b><\/span><\/span><\/p>\n<p lang=\"fr-FR\" align=\"JUSTIFY\"><span style=\"font-family: Calibri,serif;\"><span style=\"font-size: medium;\">Nous vous proposons pour les f\u00eates de fin d\u2019ann\u00e9e, quelques coffrets\u00a0! Ils sont compos\u00e9s d\u2019aromates, de vinaigres culinaires et d\u2019id\u00e9es recettes pour mettre en valeur votre cuisine o\u00f9 pour y apporter une touche d\u2019originalit\u00e9\u00a0! <\/span><\/span><\/p>\n<p lang=\"fr-FR\" align=\"JUSTIFY\"><span style=\"font-family: Calibri,serif;\"><span style=\"font-size: medium;\">Les produits sont pr\u00e9sent\u00e9s dans un sac \u00ab\u00a0Ice bag\u00a0\u00bb r\u00e9utilisable pour garder au frais les bouteilles de vin blanc ou de ros\u00e9.<\/span><\/span><\/p>\n<ul>\n<li>\n<p lang=\"fr-FR\"><span style=\"font-family: Calibri,serif;\"><span style=\"font-size: large;\"><b>Coffret cadeau \u00ab\u00a0Voyage des Saveurs\u00a0\u00bb (20 \u20ac TTC)<\/b><\/span><\/span><\/p>\n<\/li>\n<\/ul>\n<p lang=\"fr-FR\"><span style=\"font-family: Calibri,serif;\"><span style=\"font-size: small;\"><b>Coffret compos\u00e9 de 1 vinaigre culinaire bio et 4 aromates bio (DLUO de 2 ans) :<\/b><\/span><\/span><\/p>\n<p lang=\"fr-FR\" align=\"JUSTIFY\"><span style=\"font-family: Calibri,serif;\"><span style=\"font-size: small;\">&#8211; Le \u00ab\u00a0Vinaigre au piment doux des Landes\u00a0\u00bb (bouteille de 250 ml), plus original, s&rsquo;utilise pour d\u00e9glacer des viandes blanches, pour relever une sauce aigre-doux ou tout simplement en vinaigrette!<\/span><\/span><\/p>\n<p lang=\"fr-FR\" align=\"JUSTIFY\"><span style=\"font-family: Calibri,serif;\"><span style=\"font-size: small;\">&#8211; Saveurs de Provence (pot de 15g) \u00ab\u00a0sarriette \u2013 romarin \u2013 thym \u2013 marjolaine \u2013 origan \u2013 basilic\u00a0\u00bb. Pour faire chanter la garrigue dans vos assiettes, ajoutez des Saveurs de Provence \u00e0 vos grillades, ratatouilles, plats \u00e0 base de tomates. <\/span><\/span><\/p>\n<p lang=\"fr-FR\" align=\"JUSTIFY\"><span style=\"font-family: Calibri,serif;\"><span style=\"font-size: small;\">&#8211; L&rsquo;Italienne (15 g) \u00ab\u00a0origan \u2013 marjolaine \u2013 basilic\u00a0\u00bb. L&rsquo;italienne accompagne les petits plats cuisin\u00e9s tels que les pizzas, les p\u00e2tes, les viandes blanches, les l\u00e9gumes &#8230; <\/span><\/span><\/p>\n<p lang=\"fr-FR\" align=\"JUSTIFY\"><span style=\"font-family: Calibri,serif;\"><span style=\"font-size: small;\">&#8211; Saveurs du Liban (15 g) \u00ab\u00a0menthe douce, thym citron, calendula\u00a0\u00bb. Partez en voyage au pays du C\u00e8dre avec les Saveurs du Liban et agr\u00e9mentez vos taboulets, concombres et l\u00e9gumes secs !<\/span><\/span><\/p>\n<p lang=\"fr-FR\" align=\"JUSTIFY\"><span style=\"font-family: Calibri,serif;\"><span style=\"font-size: small;\">&#8211; Saveurs d&rsquo;Asie (15 g) \u00ab\u00a0citronnelle, coriandre, fenouil, piment de Cayenne\u00a0\u00bb. Un petit tour en Asie tr\u00e8s facile d&rsquo;utilisation sur une viande blanche, avec une julienne de l\u00e9gumes, du riz. Les plus aventureux tenteront un wok ou une fondue chinoise.<\/span><\/span><\/p>\n<ul>\n<li>\n<p lang=\"fr-FR\"><span style=\"font-family: Calibri,serif;\"><span style=\"font-size: large;\"><b>Coffret cadeau \u00ab\u00a0Chef en Herbes\u00a0\u00bb (20 \u20ac TTC)<\/b><\/span><\/span><\/p>\n<\/li>\n<\/ul>\n<p lang=\"fr-FR\"><span style=\"font-family: Calibri,serif;\"><span style=\"font-size: small;\"><b>Coffret compos\u00e9 de 2 vinaigres culinaires bio et 2 aromates bio (DLUO de 2 ans) :<\/b><\/span><\/span><\/p>\n<p lang=\"fr-FR\" align=\"JUSTIFY\"><span style=\"font-family: Calibri,serif;\"><span style=\"font-size: small;\">&#8211; Le \u00ab\u00a0Vinaigre au piment doux des Landes\u00a0\u00bb (bouteille de 250 ml), plus original, s&rsquo;utilise pour d\u00e9glacer des viandes blanches, pour relever une sauce aigre doux ou tout simplement en vinaigrette !<\/span><\/span><\/p>\n<p align=\"JUSTIFY\"><span style=\"font-family: Calibri,serif;\"><span style=\"font-size: small;\"><span lang=\"fr-FR\">&#8211; Le \u00ab\u00a0Vinaigre \u00e0 la fleur de sureau\u00a0\u00bb (bouteille de 250 ml), La douceur du sureau s&rsquo;invite dans vos salades vertes, avec des avocats ou encore avec des hu\u00eetres pour les plus audacieux !<\/span><\/span><\/span><\/p>\n<p lang=\"fr-FR\" align=\"JUSTIFY\"><span style=\"font-family: Calibri,serif;\"><span style=\"font-size: small;\">&#8211; L&rsquo;ail des ours (pot de 15g). Cette plantes sauvage au go\u00fbt aill\u00e9 rel\u00e8vera \u00e0 merveille vos salades, risottos et plats mijot\u00e9s !<\/span><\/span><\/p>\n<p lang=\"fr-FR\" align=\"JUSTIFY\"><span style=\"font-family: Calibri,serif;\"><span style=\"font-size: small;\">&#8211; Oh, c&rsquo;est beau ! (pot de 8g) \u00a0\u00bb persil, hysope, bleuet, calendula, tournesol\u00a0\u00bb. Quoi de mieux qu&rsquo;un m\u00e9lange de p\u00e9tales de fleurs pour la touche finale ! Cet aromate va enchanter les yeux de tous les convives.<\/span><\/span><\/p>\n<ul>\n<li>\n<p lang=\"fr-FR\"><span style=\"font-family: Calibri,serif;\"><span style=\"font-size: large;\"><b>Coffret cadeau \u00ab\u00a0Marmite du p\u00eacheur\u00a0\u00bb (20 \u20ac TTC)<\/b><\/span><\/span><\/p>\n<\/li>\n<\/ul>\n<p lang=\"fr-FR\"><span style=\"font-family: Calibri,serif;\"><span style=\"font-size: small;\"><b>Coffret compos\u00e9 de 2 vinaigres culinaires bio et 2 aromates bio (DLUO de 2 ans) :<\/b><\/span><\/span><\/p>\n<p lang=\"fr-FR\" align=\"JUSTIFY\"><span style=\"font-family: Calibri,serif;\"><span style=\"font-size: small;\">&#8211; Le \u00ab\u00a0Vinaigre au basilic\u00a0\u00bb (bouteille de 250 ml), pour du cabillaud sauce basilic, cuire le poisson en papillote ou ajouter dans un court bouillon !<\/span><\/span><\/p>\n<p lang=\"fr-FR\" align=\"JUSTIFY\"><span style=\"font-family: Calibri,serif;\"><span style=\"font-size: small;\">&#8211; Le \u00ab\u00a0Vinaigre \u00e0 la fleur de sureau\u00a0\u00bb (bouteille de 250 ml), La douceur du sureau s&rsquo;invite avec vos huitres ou vos salades de crevettes!<\/span><\/span><\/p>\n<p lang=\"fr-FR\" align=\"JUSTIFY\"><span style=\"font-family: Calibri,serif;\"><span style=\"font-size: small;\">&#8211; Saveurs du P\u00eacheur (pot de 15g) \u00ab\u00a0estragon \u2013 thym citron \u2013 marjolaine \u2013 fenouil\u00a0\u00bb. Les Saveurs du p\u00eacheur sont incontournables pour relever vos poissons et vos crustac\u00e9s\u00a0.<\/span><\/span><\/p>\n<p lang=\"fr-FR\" align=\"JUSTIFY\"><span style=\"font-family: Calibri,serif;\"><span style=\"font-size: small;\">&#8211; L\u2019aneth (pot de 15g), id\u00e9al avec les poissons marin\u00e9s comme le saumon et le hareng. <\/span><\/span><\/p>\n<ul>\n<li>\n<p lang=\"fr-FR\"><span style=\"font-family: Calibri,serif;\"><span style=\"font-size: large;\"><b>Coffret cadeau \u00ab\u00a0Saveurs d\u2019Aquitaine\u00a0\u00bb (26 \u20ac TTC)<\/b><\/span><\/span><\/p>\n<\/li>\n<\/ul>\n<p lang=\"fr-FR\"><span style=\"font-family: Calibri,serif;\"><span style=\"font-size: small;\"><b>Coffret compos\u00e9 de 2 vinaigres culinaires bio et 4 aromates bio (DLUO de 2 ans) :<\/b><\/span><\/span><\/p>\n<p lang=\"fr-FR\" align=\"JUSTIFY\"><span style=\"font-family: Calibri,serif;\"><span style=\"font-size: small;\">&#8211; Le \u00ab\u00a0Vinaigre \u00e0 l&rsquo;estragon\u00a0\u00bb (bouteille de 250 ml), est id\u00e9al pour d\u00e9glacer un poulet r\u00f4ti, il sublime les poissons marin\u00e9s, il rel\u00e8ve les salades de pois chiche et est l&rsquo;ingr\u00e9dient incontournable pour les sauces b\u00e9arnaise et tartare ! A essayer avec un carpaccio de fraises-mozarella.<\/span><\/span><\/p>\n<p lang=\"fr-FR\" align=\"JUSTIFY\"><span style=\"font-family: Calibri,serif;\"><span style=\"font-size: small;\">&#8211; Le \u00ab\u00a0Vinaigre au piment doux des Landes\u00a0\u00bb (bouteille de 250 ml), plus original, s&rsquo;utilise pour d\u00e9glacer des viandes blanches, pour relever une sauce aigre doux, avec un gaspacho d\u2019asperges ou tout simplement en vinaigrette !<\/span><\/span><\/p>\n<p lang=\"fr-FR\" align=\"JUSTIFY\"><span style=\"font-family: Calibri,serif;\"><span style=\"font-size: small;\">&#8211; Saveurs du Liban (15 g) \u00ab\u00a0menthe douce, thym citron, calendula\u00a0\u00bb. M\u00e9lange qui sublime les concombres \u00e0 la cr\u00e8me ou les gaspachos de petits pois !<\/span><\/span><\/p>\n<p lang=\"fr-FR\" align=\"JUSTIFY\"><span style=\"font-family: Calibri,serif;\"><span style=\"font-size: small;\">&#8211; Le Basilic (pot de 15g)\u00a0: pour accompagner les l\u00e9gumes, viandes blanches, salades d&rsquo;\u00e9t\u00e9, mais aussi les fruits rouges, l&rsquo;ananas et les tartes aux pommes.\u00a0<\/span><\/span><\/p>\n<p lang=\"fr-FR\" align=\"JUSTIFY\"><span style=\"font-family: Calibri,serif;\"><span style=\"font-size: small;\">&#8211; L\u2019hysope (pot 15 g)\u00a0: rel\u00e8ve subtilement les viandes blanches grill\u00e9es, le canard, les salades ou les tartes aux fruits. Infus\u00e9e dans du miel, elle accompagne les magrets ou les ch\u00e8vres chauds. Sublime les tartes aux pommes\u00a0!<\/span><\/span><\/p>\n<p lang=\"fr-FR\" align=\"JUSTIFY\"><span style=\"font-family: Calibri,serif;\"><span style=\"font-size: small;\">&#8211; Saveurs gourmande (pot de 15g) \u00ab\u00a0menthe douce, basilic citronnelle, fleurs de sureau, bleuet\u00a0\u00bb. Pour agr\u00e9menter les salades de fruits, les tartes ou encore les cr\u00e8mes brul\u00e9es. Ce m\u00e9lange d&rsquo;aromates sp\u00e9cialement con\u00e7u pour les desserts est la touche d&rsquo;originalit\u00e9 incontournable !<\/span><\/span><\/p>\n<p><strong>Le jeudi 5 novembre<\/strong>, vous pourrez commander un ou des coffrets cadeaux. Pour cela, Merci de t\u00e9l\u00e9charger le contrat ci-apr\u00e8s.<\/p>\n<p><a href=\"http:\/\/www.amaplaneteblanquefort.fr\/wordpress\/wp-content\/uploads\/2015\/10\/COFFRETSKDOp1Oct2015sign\u00e9.pdf\">COFFRETSKDOp1Oct2015sign\u00e9<\/a><\/p>\n<p>A tr\u00e8s vite !<\/p>\n<p>Dominique, votre coordinatrice<\/p>\n","protected":false},"excerpt":{"rendered":"<p>Beno\u00eet nous propose de jolis coffrets dont vous trouverez le descriptif\u00a0 ci-dessous. Comme je ne peux malheureusement pas int\u00e9grer la photo (all\u00e9chante) directement, vous pouvez, si vous avez 3 minutes, cliquer sur le lien ci-dessous pour voir l&rsquo;article avec sa photo. (LE BON DE COMMANDE EST TOUT EN BAS !) Coffrets cadeaux B DIMA COFFRETS &hellip; <a href=\"http:\/\/www.amaplaneteblanquefort.fr\/wordpress\/2015\/10\/17\/coffrets-cadeaux-plantes-aromatiques-pour-noel\/\" class=\"more-link\">Continuer la lecture de <span class=\"screen-reader-text\">Coffrets cadeaux Plantes aromatiques pour No\u00ebl !<\/span> <span class=\"meta-nav\">&rarr;<\/span><\/a><\/p>\n","protected":false},"author":1,"featured_media":0,"comment_status":"open","ping_status":"open","sticky":false,"template":"","format":"standard","meta":{"footnotes":""},"categories":[26],"tags":[],"class_list":["post-6323","post","type-post","status-publish","format-standard","hentry","category-14-plantes-aromatiques"],"_links":{"self":[{"href":"http:\/\/www.amaplaneteblanquefort.fr\/wordpress\/wp-json\/wp\/v2\/posts\/6323","targetHints":{"allow":["GET"]}}],"collection":[{"href":"http:\/\/www.amaplaneteblanquefort.fr\/wordpress\/wp-json\/wp\/v2\/posts"}],"about":[{"href":"http:\/\/www.amaplaneteblanquefort.fr\/wordpress\/wp-json\/wp\/v2\/types\/post"}],"author":[{"embeddable":true,"href":"http:\/\/www.amaplaneteblanquefort.fr\/wordpress\/wp-json\/wp\/v2\/users\/1"}],"replies":[{"embeddable":true,"href":"http:\/\/www.amaplaneteblanquefort.fr\/wordpress\/wp-json\/wp\/v2\/comments?post=6323"}],"version-history":[{"count":9,"href":"http:\/\/www.amaplaneteblanquefort.fr\/wordpress\/wp-json\/wp\/v2\/posts\/6323\/revisions"}],"predecessor-version":[{"id":6346,"href":"http:\/\/www.amaplaneteblanquefort.fr\/wordpress\/wp-json\/wp\/v2\/posts\/6323\/revisions\/6346"}],"wp:attachment":[{"href":"http:\/\/www.amaplaneteblanquefort.fr\/wordpress\/wp-json\/wp\/v2\/media?parent=6323"}],"wp:term":[{"taxonomy":"category","embeddable":true,"href":"http:\/\/www.amaplaneteblanquefort.fr\/wordpress\/wp-json\/wp\/v2\/categories?post=6323"},{"taxonomy":"post_tag","embeddable":true,"href":"http:\/\/www.amaplaneteblanquefort.fr\/wordpress\/wp-json\/wp\/v2\/tags?post=6323"}],"curies":[{"name":"wp","href":"https:\/\/api.w.org\/{rel}","templated":true}]}}