{"id":6295,"date":"2015-10-05T16:27:36","date_gmt":"2015-10-05T14:27:36","guid":{"rendered":"http:\/\/www.amaplaneteblanquefort.fr\/wordpress\/?p=6295"},"modified":"2015-10-05T16:27:36","modified_gmt":"2015-10-05T14:27:36","slug":"tempeh-le-cahier-de-recettes","status":"publish","type":"post","link":"http:\/\/www.amaplaneteblanquefort.fr\/wordpress\/2015\/10\/05\/tempeh-le-cahier-de-recettes\/","title":{"rendered":"TEMPEH : le cahier de recettes"},"content":{"rendered":"<p>Bonjour,<\/p>\n<p>En attendant la d\u00e9gustation et notre livraison du jeudi 8 octobre, voici le lien qui vous permettra d&rsquo;acc\u00e9der aux recettes de Nurlaili :<\/p>\n<p><a href=\"http:\/\/www.amaplaneteblanquefort.fr\/wordpress\/wp-content\/uploads\/2015\/10\/Tempeh-recettes-cahier-d\u00e9t\u00e9.pdf\">Tempeh recettes cahier d&rsquo;\u00e9t\u00e9<\/a><\/p>\n<p>Vos coordinateurs,<\/p>\n<p>Dominique et Yannick<\/p>\n","protected":false},"excerpt":{"rendered":"<p>Bonjour, En attendant la d\u00e9gustation et notre livraison du jeudi 8 octobre, voici le lien qui vous permettra d&rsquo;acc\u00e9der aux recettes de Nurlaili : Tempeh recettes cahier d&rsquo;\u00e9t\u00e9 Vos coordinateurs, Dominique et Yannick<\/p>\n","protected":false},"author":1,"featured_media":0,"comment_status":"open","ping_status":"open","sticky":false,"template":"","format":"standard","meta":{"footnotes":""},"categories":[39],"tags":[],"class_list":["post-6295","post","type-post","status-publish","format-standard","hentry","category-21-tempeh"],"_links":{"self":[{"href":"http:\/\/www.amaplaneteblanquefort.fr\/wordpress\/wp-json\/wp\/v2\/posts\/6295","targetHints":{"allow":["GET"]}}],"collection":[{"href":"http:\/\/www.amaplaneteblanquefort.fr\/wordpress\/wp-json\/wp\/v2\/posts"}],"about":[{"href":"http:\/\/www.amaplaneteblanquefort.fr\/wordpress\/wp-json\/wp\/v2\/types\/post"}],"author":[{"embeddable":true,"href":"http:\/\/www.amaplaneteblanquefort.fr\/wordpress\/wp-json\/wp\/v2\/users\/1"}],"replies":[{"embeddable":true,"href":"http:\/\/www.amaplaneteblanquefort.fr\/wordpress\/wp-json\/wp\/v2\/comments?post=6295"}],"version-history":[{"count":1,"href":"http:\/\/www.amaplaneteblanquefort.fr\/wordpress\/wp-json\/wp\/v2\/posts\/6295\/revisions"}],"predecessor-version":[{"id":6297,"href":"http:\/\/www.amaplaneteblanquefort.fr\/wordpress\/wp-json\/wp\/v2\/posts\/6295\/revisions\/6297"}],"wp:attachment":[{"href":"http:\/\/www.amaplaneteblanquefort.fr\/wordpress\/wp-json\/wp\/v2\/media?parent=6295"}],"wp:term":[{"taxonomy":"category","embeddable":true,"href":"http:\/\/www.amaplaneteblanquefort.fr\/wordpress\/wp-json\/wp\/v2\/categories?post=6295"},{"taxonomy":"post_tag","embeddable":true,"href":"http:\/\/www.amaplaneteblanquefort.fr\/wordpress\/wp-json\/wp\/v2\/tags?post=6295"}],"curies":[{"name":"wp","href":"https:\/\/api.w.org\/{rel}","templated":true}]}}