{"id":6258,"date":"2015-09-21T12:09:57","date_gmt":"2015-09-21T10:09:57","guid":{"rendered":"http:\/\/www.amaplaneteblanquefort.fr\/wordpress\/?p=6258"},"modified":"2015-09-21T12:55:14","modified_gmt":"2015-09-21T10:55:14","slug":"contrat-supp-raisins-blanc-ou-noir","status":"publish","type":"post","link":"http:\/\/www.amaplaneteblanquefort.fr\/wordpress\/2015\/09\/21\/contrat-supp-raisins-blanc-ou-noir\/","title":{"rendered":"Contrat supp raisins blanc ou noir"},"content":{"rendered":"<p>Mr Gabriel NOGUES vous propose\u00a0 du raisin blanc ou noir\u00a0 (ou un m\u00e9lange des deux) \u00e0 confiture\u00a0\u00a0 pour le jeudi 24\/09\/2015<\/p>\n<p>Si vous \u00eates int\u00e9ress\u00e9s, veuillez remplir le contrat ci dessous et avertir les coordinateurs par e-mail avant <span style=\"text-decoration: underline\"><span style=\"color: #ff0000;text-decoration: underline\"><strong>mercredi midi<\/strong><\/span><\/span>.<\/p>\n<p>Merci<\/p>\n<p>&nbsp;<\/p>\n<p><a href=\"http:\/\/www.amaplaneteblanquefort.fr\/wordpress\/wp-content\/uploads\/2015\/09\/Colis-raisins-24-septembre-2015.pdf\">Colis raisins 24 septembre 2015<\/a><\/p>\n","protected":false},"excerpt":{"rendered":"<p>Mr Gabriel NOGUES vous propose\u00a0 du raisin blanc ou noir\u00a0 (ou un m\u00e9lange des deux) \u00e0 confiture\u00a0\u00a0 pour le jeudi 24\/09\/2015 Si vous \u00eates int\u00e9ress\u00e9s, veuillez remplir le contrat ci dessous et avertir les coordinateurs par e-mail avant mercredi midi. Merci &nbsp; Colis raisins 24 septembre 2015<\/p>\n","protected":false},"author":13,"featured_media":0,"comment_status":"open","ping_status":"open","sticky":false,"template":"","format":"standard","meta":{"footnotes":""},"categories":[25],"tags":[],"class_list":["post-6258","post","type-post","status-publish","format-standard","hentry","category-13-fruits"],"_links":{"self":[{"href":"http:\/\/www.amaplaneteblanquefort.fr\/wordpress\/wp-json\/wp\/v2\/posts\/6258","targetHints":{"allow":["GET"]}}],"collection":[{"href":"http:\/\/www.amaplaneteblanquefort.fr\/wordpress\/wp-json\/wp\/v2\/posts"}],"about":[{"href":"http:\/\/www.amaplaneteblanquefort.fr\/wordpress\/wp-json\/wp\/v2\/types\/post"}],"author":[{"embeddable":true,"href":"http:\/\/www.amaplaneteblanquefort.fr\/wordpress\/wp-json\/wp\/v2\/users\/13"}],"replies":[{"embeddable":true,"href":"http:\/\/www.amaplaneteblanquefort.fr\/wordpress\/wp-json\/wp\/v2\/comments?post=6258"}],"version-history":[{"count":3,"href":"http:\/\/www.amaplaneteblanquefort.fr\/wordpress\/wp-json\/wp\/v2\/posts\/6258\/revisions"}],"predecessor-version":[{"id":6262,"href":"http:\/\/www.amaplaneteblanquefort.fr\/wordpress\/wp-json\/wp\/v2\/posts\/6258\/revisions\/6262"}],"wp:attachment":[{"href":"http:\/\/www.amaplaneteblanquefort.fr\/wordpress\/wp-json\/wp\/v2\/media?parent=6258"}],"wp:term":[{"taxonomy":"category","embeddable":true,"href":"http:\/\/www.amaplaneteblanquefort.fr\/wordpress\/wp-json\/wp\/v2\/categories?post=6258"},{"taxonomy":"post_tag","embeddable":true,"href":"http:\/\/www.amaplaneteblanquefort.fr\/wordpress\/wp-json\/wp\/v2\/tags?post=6258"}],"curies":[{"name":"wp","href":"https:\/\/api.w.org\/{rel}","templated":true}]}}