{"id":6243,"date":"2015-09-19T12:14:03","date_gmt":"2015-09-19T10:14:03","guid":{"rendered":"http:\/\/www.amaplaneteblanquefort.fr\/wordpress\/?p=6243"},"modified":"2015-09-21T10:12:53","modified_gmt":"2015-09-21T08:12:53","slug":"tempeh-un-contrat-test","status":"publish","type":"post","link":"http:\/\/www.amaplaneteblanquefort.fr\/wordpress\/2015\/09\/19\/tempeh-un-contrat-test\/","title":{"rendered":"TEMPEH : un contrat test !"},"content":{"rendered":"<p>Bonjour,<\/p>\n<p>Vous pourrez, jeudi prochain 24 septembre, d\u00e9guster du Tempeh propos\u00e9 par une jeune femme, Nurlaili Robert, install\u00e9e \u00e0 Brannens, dans le secteur de Langon.<\/p>\n<p>Elle a fait l&rsquo;objet d&rsquo;un tr\u00e8s bel article dans Sud-Ouest, la semaine derni\u00e8re et vous avez, \u00e9galement, le lien pour le lire si vous ne l&rsquo;avez pas vu.<\/p>\n<p><a href=\"http:\/\/www.amaplaneteblanquefort.fr\/wordpress\/wp-content\/uploads\/2015\/09\/Sud-ouest-mercredi-16-septembre-2015.pdf\">Sud ouest mercredi 16 septembre 2015<\/a><\/p>\n<p>Nurlaili est indon\u00e9sienne et vit en France depuis 11 ans ; elle propose du Tempeh Bio, \u00e0 base de soja bio produit en Gironde.<\/p>\n<p>Le conditionnement est en sachets de 200 grammes. Je vous joins les liens, fort plaisants, o\u00f9 vous trouverez TOUT ce qui peut vous int\u00e9resser. C&rsquo;est l&rsquo;une des bases de l&rsquo;alimentation indon\u00e9sienne et souvent la seule source de prot\u00e9ines (il y en a presque autant que dans la viande rouge !). Il y a \u00e9galement quelques recettes que nous mettrons \u00e0 disposition de ceux que cela int\u00e9resse.<\/p>\n<p><a href=\"http:\/\/www.amaplaneteblanquefort.fr\/wordpress\/wp-content\/uploads\/2015\/09\/V3-fiche-produit-tempeh-Biosegar.pdf\">V3 fiche produit tempeh Biosegar<\/a><\/p>\n<p><a href=\"http:\/\/www.amaplaneteblanquefort.fr\/wordpress\/wp-content\/uploads\/2015\/09\/pr\u00e9sentation-pour-AMAP.pdf\">pr\u00e9sentation pour AMAP<\/a><\/p>\n<p>LE PETIT CONTRAT EST A T\u00c9L\u00c9CHARGER, comme d&rsquo;habitude :<\/p>\n<p><a href=\"http:\/\/www.amaplaneteblanquefort.fr\/wordpress\/wp-content\/uploads\/2015\/09\/BONCDETESTTEMPEH.pdf\">BONCDETESTTEMPEH<\/a><\/p>\n<p>A jeudi !<\/p>\n<p>Dominique et Yannick, coordinateurs<\/p>\n","protected":false},"excerpt":{"rendered":"<p>Bonjour, Vous pourrez, jeudi prochain 24 septembre, d\u00e9guster du Tempeh propos\u00e9 par une jeune femme, Nurlaili Robert, install\u00e9e \u00e0 Brannens, dans le secteur de Langon. Elle a fait l&rsquo;objet d&rsquo;un tr\u00e8s bel article dans Sud-Ouest, la semaine derni\u00e8re et vous avez, \u00e9galement, le lien pour le lire si vous ne l&rsquo;avez pas vu. Sud ouest &hellip; <a href=\"http:\/\/www.amaplaneteblanquefort.fr\/wordpress\/2015\/09\/19\/tempeh-un-contrat-test\/\" class=\"more-link\">Continuer la lecture de <span class=\"screen-reader-text\">TEMPEH : un contrat test !<\/span> <span class=\"meta-nav\">&rarr;<\/span><\/a><\/p>\n","protected":false},"author":1,"featured_media":0,"comment_status":"open","ping_status":"open","sticky":false,"template":"","format":"standard","meta":{"footnotes":""},"categories":[39],"tags":[],"class_list":["post-6243","post","type-post","status-publish","format-standard","hentry","category-21-tempeh"],"_links":{"self":[{"href":"http:\/\/www.amaplaneteblanquefort.fr\/wordpress\/wp-json\/wp\/v2\/posts\/6243","targetHints":{"allow":["GET"]}}],"collection":[{"href":"http:\/\/www.amaplaneteblanquefort.fr\/wordpress\/wp-json\/wp\/v2\/posts"}],"about":[{"href":"http:\/\/www.amaplaneteblanquefort.fr\/wordpress\/wp-json\/wp\/v2\/types\/post"}],"author":[{"embeddable":true,"href":"http:\/\/www.amaplaneteblanquefort.fr\/wordpress\/wp-json\/wp\/v2\/users\/1"}],"replies":[{"embeddable":true,"href":"http:\/\/www.amaplaneteblanquefort.fr\/wordpress\/wp-json\/wp\/v2\/comments?post=6243"}],"version-history":[{"count":4,"href":"http:\/\/www.amaplaneteblanquefort.fr\/wordpress\/wp-json\/wp\/v2\/posts\/6243\/revisions"}],"predecessor-version":[{"id":6256,"href":"http:\/\/www.amaplaneteblanquefort.fr\/wordpress\/wp-json\/wp\/v2\/posts\/6243\/revisions\/6256"}],"wp:attachment":[{"href":"http:\/\/www.amaplaneteblanquefort.fr\/wordpress\/wp-json\/wp\/v2\/media?parent=6243"}],"wp:term":[{"taxonomy":"category","embeddable":true,"href":"http:\/\/www.amaplaneteblanquefort.fr\/wordpress\/wp-json\/wp\/v2\/categories?post=6243"},{"taxonomy":"post_tag","embeddable":true,"href":"http:\/\/www.amaplaneteblanquefort.fr\/wordpress\/wp-json\/wp\/v2\/tags?post=6243"}],"curies":[{"name":"wp","href":"https:\/\/api.w.org\/{rel}","templated":true}]}}