{"id":6183,"date":"2015-09-14T11:23:59","date_gmt":"2015-09-14T09:23:59","guid":{"rendered":"http:\/\/www.amaplaneteblanquefort.fr\/wordpress\/?p=6183"},"modified":"2016-09-14T18:16:10","modified_gmt":"2016-09-14T16:16:10","slug":"mathias-propose-de-nouveaux-produits-de-beaute-bio","status":"publish","type":"post","link":"http:\/\/www.amaplaneteblanquefort.fr\/wordpress\/2015\/09\/14\/mathias-propose-de-nouveaux-produits-de-beaute-bio\/","title":{"rendered":"Mathias propose de nouveaux produits de beaut\u00e9 bio"},"content":{"rendered":"<p><strong>Si vous souhaitez d\u00e9couvrir les nouveaux produits de Mathias ( savons de toilette et autres produits cosm\u00e9tiques)..<\/strong><\/p>\n<p><strong>cliquez sur le lien<\/strong> :\u00a0<a href=\"http:\/\/www.amaplaneteblanquefort.fr\/wordpress\/wp-content\/uploads\/2015\/09\/Nouveaux-produits-bio-de-beaut\u00e9.pdf\">Nouveaux produits bio de beaut\u00e9<\/a><\/p>\n<p><a href=\"http:\/\/www.amaplaneteblanquefort.fr\/wordpress\/wp-content\/uploads\/2015\/09\/Mathias-produits-bio.jpg\"><img loading=\"lazy\" decoding=\"async\" class=\"size-medium wp-image-6186 aligncenter\" src=\"http:\/\/www.amaplaneteblanquefort.fr\/wordpress\/wp-content\/uploads\/2015\/09\/Mathias-produits-bio-300x196.jpg\" alt=\"Mathias produits bio\" width=\"300\" height=\"196\" srcset=\"http:\/\/www.amaplaneteblanquefort.fr\/wordpress\/wp-content\/uploads\/2015\/09\/Mathias-produits-bio-300x196.jpg 300w, http:\/\/www.amaplaneteblanquefort.fr\/wordpress\/wp-content\/uploads\/2015\/09\/Mathias-produits-bio.jpg 704w\" sizes=\"auto, (max-width: 300px) 100vw, 300px\" \/><\/a><\/p>\n<p><strong>Prises de contrat les jeudis 17 et 24 septembre aux horaires habituels<\/strong>.<\/p>\n<p style=\"text-align: center\">Pour \u00e9diter le contrat 2015-2016 cliquez sur ce lien<\/p>\n<p style=\"text-align: center\"><a href=\"http:\/\/www.amaplaneteblanquefort.fr\/wordpress\/wp-content\/uploads\/2015\/09\/le-contrat-des-produits-sept-2015-sept-2016.docx\">\u00a0le-contrat-des-produits-sept-2015-sept-2016<\/a><\/p>\n<p><strong>Comme vous pourrez le constater le 17 septembre sera une prise de commande mais aussi une livraison de produits alors n&rsquo;oubliez pas vos bidons !!!!<\/strong><\/p>\n<p>\u00e0 jeudi<\/p>\n","protected":false},"excerpt":{"rendered":"<p>Si vous souhaitez d\u00e9couvrir les nouveaux produits de Mathias ( savons de toilette et autres produits cosm\u00e9tiques).. cliquez sur le lien :\u00a0Nouveaux produits bio de beaut\u00e9 Prises de contrat les jeudis 17 et 24 septembre aux horaires habituels. Pour \u00e9diter le contrat 2015-2016 cliquez sur ce lien \u00a0le-contrat-des-produits-sept-2015-sept-2016 Comme vous pourrez le constater le 17 &hellip; <a href=\"http:\/\/www.amaplaneteblanquefort.fr\/wordpress\/2015\/09\/14\/mathias-propose-de-nouveaux-produits-de-beaute-bio\/\" class=\"more-link\">Continuer la lecture de <span class=\"screen-reader-text\">Mathias propose de nouveaux produits de beaut\u00e9 bio<\/span> <span class=\"meta-nav\">&rarr;<\/span><\/a><\/p>\n","protected":false},"author":975,"featured_media":0,"comment_status":"open","ping_status":"open","sticky":false,"template":"","format":"standard","meta":{"footnotes":""},"categories":[27],"tags":[],"class_list":["post-6183","post","type-post","status-publish","format-standard","hentry","category-15-produits-menagers"],"_links":{"self":[{"href":"http:\/\/www.amaplaneteblanquefort.fr\/wordpress\/wp-json\/wp\/v2\/posts\/6183","targetHints":{"allow":["GET"]}}],"collection":[{"href":"http:\/\/www.amaplaneteblanquefort.fr\/wordpress\/wp-json\/wp\/v2\/posts"}],"about":[{"href":"http:\/\/www.amaplaneteblanquefort.fr\/wordpress\/wp-json\/wp\/v2\/types\/post"}],"author":[{"embeddable":true,"href":"http:\/\/www.amaplaneteblanquefort.fr\/wordpress\/wp-json\/wp\/v2\/users\/975"}],"replies":[{"embeddable":true,"href":"http:\/\/www.amaplaneteblanquefort.fr\/wordpress\/wp-json\/wp\/v2\/comments?post=6183"}],"version-history":[{"count":8,"href":"http:\/\/www.amaplaneteblanquefort.fr\/wordpress\/wp-json\/wp\/v2\/posts\/6183\/revisions"}],"predecessor-version":[{"id":6223,"href":"http:\/\/www.amaplaneteblanquefort.fr\/wordpress\/wp-json\/wp\/v2\/posts\/6183\/revisions\/6223"}],"wp:attachment":[{"href":"http:\/\/www.amaplaneteblanquefort.fr\/wordpress\/wp-json\/wp\/v2\/media?parent=6183"}],"wp:term":[{"taxonomy":"category","embeddable":true,"href":"http:\/\/www.amaplaneteblanquefort.fr\/wordpress\/wp-json\/wp\/v2\/categories?post=6183"},{"taxonomy":"post_tag","embeddable":true,"href":"http:\/\/www.amaplaneteblanquefort.fr\/wordpress\/wp-json\/wp\/v2\/tags?post=6183"}],"curies":[{"name":"wp","href":"https:\/\/api.w.org\/{rel}","templated":true}]}}