{"id":6176,"date":"2015-09-13T20:41:45","date_gmt":"2015-09-13T18:41:45","guid":{"rendered":"http:\/\/www.amaplaneteblanquefort.fr\/wordpress\/?p=6176"},"modified":"2015-09-14T17:02:36","modified_gmt":"2015-09-14T15:02:36","slug":"plantes-aromatiques-contrat-dautomne-2015","status":"publish","type":"post","link":"http:\/\/www.amaplaneteblanquefort.fr\/wordpress\/2015\/09\/13\/plantes-aromatiques-contrat-dautomne-2015\/","title":{"rendered":"PLANTES AROMATIQUES CONTRAT D&rsquo;AUTOMNE 2015"},"content":{"rendered":"<p>Bonjour \u00e0 vous, chers amapiens amateurs de ces magnifiques plantes aromatiques propos\u00e9es par notre Cultivateur de Saveurs, Beno\u00eet DIMA.<\/p>\n<p><strong>Le journal SUD-OUEST<\/strong> vient de le mettre \u00e0 l&rsquo;honneur sur <strong>deux pleines pages de son MAG<\/strong>\u00a0 !<\/p>\n<p><a href=\"http:\/\/www.amaplaneteblanquefort.fr\/wordpress\/wp-content\/uploads\/2015\/09\/Le-MAG-p1.jpg\"><img loading=\"lazy\" decoding=\"async\" class=\"size-medium wp-image-6192 alignleft\" src=\"http:\/\/www.amaplaneteblanquefort.fr\/wordpress\/wp-content\/uploads\/2015\/09\/Le-MAG-p1-225x300.jpg\" alt=\"Le MAG p1\" width=\"225\" height=\"300\" srcset=\"http:\/\/www.amaplaneteblanquefort.fr\/wordpress\/wp-content\/uploads\/2015\/09\/Le-MAG-p1-225x300.jpg 225w, http:\/\/www.amaplaneteblanquefort.fr\/wordpress\/wp-content\/uploads\/2015\/09\/Le-MAG-p1.jpg 480w\" sizes=\"auto, (max-width: 225px) 100vw, 225px\" \/><\/a><a href=\"http:\/\/www.amaplaneteblanquefort.fr\/wordpress\/wp-content\/uploads\/2015\/09\/Le-MAG-p2.jpg\"><img loading=\"lazy\" decoding=\"async\" class=\"alignright size-medium wp-image-6193\" src=\"http:\/\/www.amaplaneteblanquefort.fr\/wordpress\/wp-content\/uploads\/2015\/09\/Le-MAG-p2-225x300.jpg\" alt=\"Le MAG p2\" width=\"225\" height=\"300\" srcset=\"http:\/\/www.amaplaneteblanquefort.fr\/wordpress\/wp-content\/uploads\/2015\/09\/Le-MAG-p2-225x300.jpg 225w, http:\/\/www.amaplaneteblanquefort.fr\/wordpress\/wp-content\/uploads\/2015\/09\/Le-MAG-p2.jpg 480w\" sizes=\"auto, (max-width: 225px) 100vw, 225px\" \/><\/a><\/p>\n<p>&nbsp;<\/p>\n<p>&nbsp;<\/p>\n<p>&nbsp;<\/p>\n<p>&nbsp;<\/p>\n<p style=\"text-align: center;\">Si vous voulez lire l&rsquo;article plus facilement, cliquez sur le lien<\/p>\n<p style=\"text-align: center;\"><a href=\"http:\/\/www.amaplaneteblanquefort.fr\/wordpress\/wp-content\/uploads\/2015\/09\/DIMA-MAG-TOT.pdf\">DIMA MAG TOT<\/a><\/p>\n<p>&nbsp;<\/p>\n<p>Beno\u00eet revient, comme chaque ann\u00e9e, avec ses produits go\u00fbteux et parfum\u00e9s. Vous trouverez ci-dessous le contrat qui vous est propos\u00e9.<\/p>\n<p style=\"text-align: center;\"><a href=\"http:\/\/www.amaplaneteblanquefort.fr\/wordpress\/wp-content\/uploads\/2015\/09\/CONTRAT-AROM-2015-B.pdf\">CONTRAT AROM 2015 B<\/a><\/p>\n<p>La <strong>prise de contrat<\/strong> se fera <strong>les jeudis 17 et 24 septembre<\/strong> prochains.<\/p>\n<p>A jeudi !<\/p>\n<p>Dominique, votre coordinatrice.<\/p>\n","protected":false},"excerpt":{"rendered":"<p>Bonjour \u00e0 vous, chers amapiens amateurs de ces magnifiques plantes aromatiques propos\u00e9es par notre Cultivateur de Saveurs, Beno\u00eet DIMA. Le journal SUD-OUEST vient de le mettre \u00e0 l&rsquo;honneur sur deux pleines pages de son MAG\u00a0 ! &nbsp; &nbsp; &nbsp; &nbsp; Si vous voulez lire l&rsquo;article plus facilement, cliquez sur le lien DIMA MAG TOT &nbsp; &hellip; <a href=\"http:\/\/www.amaplaneteblanquefort.fr\/wordpress\/2015\/09\/13\/plantes-aromatiques-contrat-dautomne-2015\/\" class=\"more-link\">Continuer la lecture de <span class=\"screen-reader-text\">PLANTES AROMATIQUES CONTRAT D&rsquo;AUTOMNE 2015<\/span> <span class=\"meta-nav\">&rarr;<\/span><\/a><\/p>\n","protected":false},"author":1,"featured_media":0,"comment_status":"open","ping_status":"open","sticky":false,"template":"","format":"standard","meta":{"footnotes":""},"categories":[26],"tags":[],"class_list":["post-6176","post","type-post","status-publish","format-standard","hentry","category-14-plantes-aromatiques"],"_links":{"self":[{"href":"http:\/\/www.amaplaneteblanquefort.fr\/wordpress\/wp-json\/wp\/v2\/posts\/6176","targetHints":{"allow":["GET"]}}],"collection":[{"href":"http:\/\/www.amaplaneteblanquefort.fr\/wordpress\/wp-json\/wp\/v2\/posts"}],"about":[{"href":"http:\/\/www.amaplaneteblanquefort.fr\/wordpress\/wp-json\/wp\/v2\/types\/post"}],"author":[{"embeddable":true,"href":"http:\/\/www.amaplaneteblanquefort.fr\/wordpress\/wp-json\/wp\/v2\/users\/1"}],"replies":[{"embeddable":true,"href":"http:\/\/www.amaplaneteblanquefort.fr\/wordpress\/wp-json\/wp\/v2\/comments?post=6176"}],"version-history":[{"count":6,"href":"http:\/\/www.amaplaneteblanquefort.fr\/wordpress\/wp-json\/wp\/v2\/posts\/6176\/revisions"}],"predecessor-version":[{"id":6196,"href":"http:\/\/www.amaplaneteblanquefort.fr\/wordpress\/wp-json\/wp\/v2\/posts\/6176\/revisions\/6196"}],"wp:attachment":[{"href":"http:\/\/www.amaplaneteblanquefort.fr\/wordpress\/wp-json\/wp\/v2\/media?parent=6176"}],"wp:term":[{"taxonomy":"category","embeddable":true,"href":"http:\/\/www.amaplaneteblanquefort.fr\/wordpress\/wp-json\/wp\/v2\/categories?post=6176"},{"taxonomy":"post_tag","embeddable":true,"href":"http:\/\/www.amaplaneteblanquefort.fr\/wordpress\/wp-json\/wp\/v2\/tags?post=6176"}],"curies":[{"name":"wp","href":"https:\/\/api.w.org\/{rel}","templated":true}]}}