{"id":5872,"date":"2015-09-18T20:25:21","date_gmt":"2015-09-18T18:25:21","guid":{"rendered":"http:\/\/www.amaplaneteblanquefort.fr\/wordpress\/?p=5872"},"modified":"2015-09-18T20:26:30","modified_gmt":"2015-09-18T18:26:30","slug":"inscrivez-vous-pour-la-soiree-festive-du-2-octobre-2015","status":"publish","type":"post","link":"http:\/\/www.amaplaneteblanquefort.fr\/wordpress\/2015\/09\/18\/inscrivez-vous-pour-la-soiree-festive-du-2-octobre-2015\/","title":{"rendered":"Inscrivez vous pour la soir\u00e9e festive  du 2 octobre 2015"},"content":{"rendered":"<p><a href=\"http:\/\/www.amaplaneteblanquefort.fr\/wordpress\/wp-content\/uploads\/2015\/08\/diner_02oct.jpg\"><img loading=\"lazy\" decoding=\"async\" class=\"alignleft size-medium wp-image-5899\" src=\"http:\/\/www.amaplaneteblanquefort.fr\/wordpress\/wp-content\/uploads\/2015\/08\/diner_02oct-213x300.jpg\" alt=\"diner_02oct\" width=\"213\" height=\"300\" srcset=\"http:\/\/www.amaplaneteblanquefort.fr\/wordpress\/wp-content\/uploads\/2015\/08\/diner_02oct-213x300.jpg 213w, http:\/\/www.amaplaneteblanquefort.fr\/wordpress\/wp-content\/uploads\/2015\/08\/diner_02oct-726x1024.jpg 726w, http:\/\/www.amaplaneteblanquefort.fr\/wordpress\/wp-content\/uploads\/2015\/08\/diner_02oct.jpg 1240w\" sizes=\"auto, (max-width: 213px) 100vw, 213px\" \/><\/a><a href=\"http:\/\/www.amaplaneteblanquefort.fr\/wordpress\/wp-content\/uploads\/2015\/08\/diner_02oct.jpg\"><br \/>\n<\/a><\/p>\n<p style=\"text-align: justify;\"><span style=\"color: #993366;\">\u00a0\u00a0\u00a0\u00a0\u00a0\u00a0\u00a0\u00a0 Toute l&rsquo;\u00e9quipe d&rsquo;Amaplan\u00e8te-Blanquefort vous invite \u00e0 passer une\u00a0\u00a0\u00a0\u00a0\u00a0\u00a0\u00a0 super\u00a0soir\u00e9e en compagnie des producteurs, des coordinateurs,\u00a0en famille, avec vos\u00a0amis&#8230;nous vous esp\u00e9rons nombreux !!<\/span><\/p>\n<p><em><span style=\"color: #808080;\">\u00a0\u00a0\u00a0 Dominique, Emmanuelle et Marc &#8230;nous r\u00e9servent quelques surprises&#8230;<\/span><\/em><\/p>\n<p style=\"text-align: justify;\"><strong>\u00a0\u00a0\u00a0\u00a0\u00a0 Les inscriptions d\u00e9butent jeudi 28 ao\u00fbt, jusqu&rsquo;au jeudi 24 septembre, soit lors des livraisons de l&rsquo;amap, soit par courrier ou d\u00e9p\u00f4t de votre bulletin compl\u00e9t\u00e9, accompagn\u00e9 du r\u00e8glement \u00e0 l&rsquo;ordre d&rsquo;Amaplan\u00e8te \u00e0 l&rsquo;adresse suivante:\u00a0\u00a0 ABC, Amaplan\u00e8te-Blanquefort 8 rue Raymond Valet 33290 Blanquefort\u00a0\u00a0\u00a0\u00a0<\/strong><\/p>\n<p><strong>\u00a0\u00a0\u00a0\u00a0\u00a0\u00a0 <a href=\"http:\/\/www.amaplaneteblanquefort.fr\/wordpress\/wp-content\/uploads\/2015\/08\/Inscription-02oct.pdf\">Inscription 02oct<\/a><\/strong><\/p>\n","protected":false},"excerpt":{"rendered":"<p>\u00a0\u00a0\u00a0\u00a0\u00a0\u00a0\u00a0\u00a0 Toute l&rsquo;\u00e9quipe d&rsquo;Amaplan\u00e8te-Blanquefort vous invite \u00e0 passer une\u00a0\u00a0\u00a0\u00a0\u00a0\u00a0\u00a0 super\u00a0soir\u00e9e en compagnie des producteurs, des coordinateurs,\u00a0en famille, avec vos\u00a0amis&#8230;nous vous esp\u00e9rons nombreux !! \u00a0\u00a0\u00a0 Dominique, Emmanuelle et Marc &#8230;nous r\u00e9servent quelques surprises&#8230; \u00a0\u00a0\u00a0\u00a0\u00a0 Les inscriptions d\u00e9butent jeudi 28 ao\u00fbt, jusqu&rsquo;au jeudi 24 septembre, soit lors des livraisons de l&rsquo;amap, soit par courrier ou d\u00e9p\u00f4t de &hellip; <a href=\"http:\/\/www.amaplaneteblanquefort.fr\/wordpress\/2015\/09\/18\/inscrivez-vous-pour-la-soiree-festive-du-2-octobre-2015\/\" class=\"more-link\">Continuer la lecture de <span class=\"screen-reader-text\">Inscrivez vous pour la soir\u00e9e festive  du 2 octobre 2015<\/span> <span class=\"meta-nav\">&rarr;<\/span><\/a><\/p>\n","protected":false},"author":1,"featured_media":0,"comment_status":"open","ping_status":"open","sticky":false,"template":"","format":"standard","meta":{"footnotes":""},"categories":[30],"tags":[],"class_list":["post-5872","post","type-post","status-publish","format-standard","hentry","category-les-festivites"],"_links":{"self":[{"href":"http:\/\/www.amaplaneteblanquefort.fr\/wordpress\/wp-json\/wp\/v2\/posts\/5872","targetHints":{"allow":["GET"]}}],"collection":[{"href":"http:\/\/www.amaplaneteblanquefort.fr\/wordpress\/wp-json\/wp\/v2\/posts"}],"about":[{"href":"http:\/\/www.amaplaneteblanquefort.fr\/wordpress\/wp-json\/wp\/v2\/types\/post"}],"author":[{"embeddable":true,"href":"http:\/\/www.amaplaneteblanquefort.fr\/wordpress\/wp-json\/wp\/v2\/users\/1"}],"replies":[{"embeddable":true,"href":"http:\/\/www.amaplaneteblanquefort.fr\/wordpress\/wp-json\/wp\/v2\/comments?post=5872"}],"version-history":[{"count":13,"href":"http:\/\/www.amaplaneteblanquefort.fr\/wordpress\/wp-json\/wp\/v2\/posts\/5872\/revisions"}],"predecessor-version":[{"id":6226,"href":"http:\/\/www.amaplaneteblanquefort.fr\/wordpress\/wp-json\/wp\/v2\/posts\/5872\/revisions\/6226"}],"wp:attachment":[{"href":"http:\/\/www.amaplaneteblanquefort.fr\/wordpress\/wp-json\/wp\/v2\/media?parent=5872"}],"wp:term":[{"taxonomy":"category","embeddable":true,"href":"http:\/\/www.amaplaneteblanquefort.fr\/wordpress\/wp-json\/wp\/v2\/categories?post=5872"},{"taxonomy":"post_tag","embeddable":true,"href":"http:\/\/www.amaplaneteblanquefort.fr\/wordpress\/wp-json\/wp\/v2\/tags?post=5872"}],"curies":[{"name":"wp","href":"https:\/\/api.w.org\/{rel}","templated":true}]}}