{"id":5866,"date":"2015-08-23T18:43:15","date_gmt":"2015-08-23T16:43:15","guid":{"rendered":"http:\/\/www.amaplaneteblanquefort.fr\/wordpress\/?p=5866"},"modified":"2015-09-07T09:50:02","modified_gmt":"2015-09-07T07:50:02","slug":"contrat-supplementaire-prunes-dente-a-confiture","status":"publish","type":"post","link":"http:\/\/www.amaplaneteblanquefort.fr\/wordpress\/2015\/08\/23\/contrat-supplementaire-prunes-dente-a-confiture\/","title":{"rendered":"contrat suppl\u00e9mentaire prunes d&rsquo;ente \u00e0 confiture"},"content":{"rendered":"<p>Mr Alain BOTTECCHIA vous propose des prunes d&rsquo;ente \u00e0 confiture pour le jeudi 27\/08\/2015<\/p>\n<p>Si vous \u00eates int\u00e9ress\u00e9s, veuillez remplir le contrat ci dessous et avertir les coordinateurs par e-mail avant mercredi midi.<\/p>\n<p>Merci<\/p>\n<p>&nbsp;<\/p>\n<p><a href=\"http:\/\/www.amaplaneteblanquefort.fr\/wordpress\/wp-content\/uploads\/2015\/08\/contrat-supp-prunes-dente-\u00e0-confiture.pdf\">contrat supp prunes d&rsquo;ente \u00e0 confiture<\/a><\/p>\n","protected":false},"excerpt":{"rendered":"<p>Mr Alain BOTTECCHIA vous propose des prunes d&rsquo;ente \u00e0 confiture pour le jeudi 27\/08\/2015 Si vous \u00eates int\u00e9ress\u00e9s, veuillez remplir le contrat ci dessous et avertir les coordinateurs par e-mail avant mercredi midi. Merci &nbsp; contrat supp prunes d&rsquo;ente \u00e0 confiture<\/p>\n","protected":false},"author":13,"featured_media":0,"comment_status":"open","ping_status":"open","sticky":false,"template":"","format":"standard","meta":{"footnotes":""},"categories":[25],"tags":[],"class_list":["post-5866","post","type-post","status-publish","format-standard","hentry","category-13-fruits"],"_links":{"self":[{"href":"http:\/\/www.amaplaneteblanquefort.fr\/wordpress\/wp-json\/wp\/v2\/posts\/5866","targetHints":{"allow":["GET"]}}],"collection":[{"href":"http:\/\/www.amaplaneteblanquefort.fr\/wordpress\/wp-json\/wp\/v2\/posts"}],"about":[{"href":"http:\/\/www.amaplaneteblanquefort.fr\/wordpress\/wp-json\/wp\/v2\/types\/post"}],"author":[{"embeddable":true,"href":"http:\/\/www.amaplaneteblanquefort.fr\/wordpress\/wp-json\/wp\/v2\/users\/13"}],"replies":[{"embeddable":true,"href":"http:\/\/www.amaplaneteblanquefort.fr\/wordpress\/wp-json\/wp\/v2\/comments?post=5866"}],"version-history":[{"count":1,"href":"http:\/\/www.amaplaneteblanquefort.fr\/wordpress\/wp-json\/wp\/v2\/posts\/5866\/revisions"}],"predecessor-version":[{"id":5868,"href":"http:\/\/www.amaplaneteblanquefort.fr\/wordpress\/wp-json\/wp\/v2\/posts\/5866\/revisions\/5868"}],"wp:attachment":[{"href":"http:\/\/www.amaplaneteblanquefort.fr\/wordpress\/wp-json\/wp\/v2\/media?parent=5866"}],"wp:term":[{"taxonomy":"category","embeddable":true,"href":"http:\/\/www.amaplaneteblanquefort.fr\/wordpress\/wp-json\/wp\/v2\/categories?post=5866"},{"taxonomy":"post_tag","embeddable":true,"href":"http:\/\/www.amaplaneteblanquefort.fr\/wordpress\/wp-json\/wp\/v2\/tags?post=5866"}],"curies":[{"name":"wp","href":"https:\/\/api.w.org\/{rel}","templated":true}]}}