{"id":5862,"date":"2015-08-23T18:15:20","date_gmt":"2015-08-23T16:15:20","guid":{"rendered":"http:\/\/www.amaplaneteblanquefort.fr\/wordpress\/?p=5862"},"modified":"2015-09-07T09:50:23","modified_gmt":"2015-09-07T07:50:23","slug":"contrat-supplementaire-peches-nectarines-a-confiture-2","status":"publish","type":"post","link":"http:\/\/www.amaplaneteblanquefort.fr\/wordpress\/2015\/08\/23\/contrat-supplementaire-peches-nectarines-a-confiture-2\/","title":{"rendered":"Contrat suppl\u00e9mentaire p\u00eaches &#8211; nectarines \u00e0 confiture"},"content":{"rendered":"<p>Mr Gabriel NOGUES vous propose des p\u00eaches et des nectarines \u00e0 confiture pour le jeudi 27\/08\/2015<\/p>\n<p>Si vous \u00eates int\u00e9ress\u00e9s, veuillez remplir le contrat ci dessous et avertir les coordinateurs par e-mail avant <span style=\"text-decoration: underline;\"><span style=\"color: #ff0000; text-decoration: underline;\"><strong>mercredi midi<\/strong><\/span><\/span>.<\/p>\n<p>Merci<\/p>\n<p>&nbsp;<\/p>\n<p><a href=\"http:\/\/www.amaplaneteblanquefort.fr\/wordpress\/wp-content\/uploads\/2015\/08\/Colis-\u00e0-confiture-du-27-ao\u00fbt-20145.pdf\">Colis \u00e0 confiture du 27 ao\u00fbt 20145<\/a><\/p>\n","protected":false},"excerpt":{"rendered":"<p>Mr Gabriel NOGUES vous propose des p\u00eaches et des nectarines \u00e0 confiture pour le jeudi 27\/08\/2015 Si vous \u00eates int\u00e9ress\u00e9s, veuillez remplir le contrat ci dessous et avertir les coordinateurs par e-mail avant mercredi midi. Merci &nbsp; Colis \u00e0 confiture du 27 ao\u00fbt 20145<\/p>\n","protected":false},"author":13,"featured_media":0,"comment_status":"open","ping_status":"open","sticky":false,"template":"","format":"standard","meta":{"footnotes":""},"categories":[25],"tags":[],"class_list":["post-5862","post","type-post","status-publish","format-standard","hentry","category-13-fruits"],"_links":{"self":[{"href":"http:\/\/www.amaplaneteblanquefort.fr\/wordpress\/wp-json\/wp\/v2\/posts\/5862","targetHints":{"allow":["GET"]}}],"collection":[{"href":"http:\/\/www.amaplaneteblanquefort.fr\/wordpress\/wp-json\/wp\/v2\/posts"}],"about":[{"href":"http:\/\/www.amaplaneteblanquefort.fr\/wordpress\/wp-json\/wp\/v2\/types\/post"}],"author":[{"embeddable":true,"href":"http:\/\/www.amaplaneteblanquefort.fr\/wordpress\/wp-json\/wp\/v2\/users\/13"}],"replies":[{"embeddable":true,"href":"http:\/\/www.amaplaneteblanquefort.fr\/wordpress\/wp-json\/wp\/v2\/comments?post=5862"}],"version-history":[{"count":2,"href":"http:\/\/www.amaplaneteblanquefort.fr\/wordpress\/wp-json\/wp\/v2\/posts\/5862\/revisions"}],"predecessor-version":[{"id":6135,"href":"http:\/\/www.amaplaneteblanquefort.fr\/wordpress\/wp-json\/wp\/v2\/posts\/5862\/revisions\/6135"}],"wp:attachment":[{"href":"http:\/\/www.amaplaneteblanquefort.fr\/wordpress\/wp-json\/wp\/v2\/media?parent=5862"}],"wp:term":[{"taxonomy":"category","embeddable":true,"href":"http:\/\/www.amaplaneteblanquefort.fr\/wordpress\/wp-json\/wp\/v2\/categories?post=5862"},{"taxonomy":"post_tag","embeddable":true,"href":"http:\/\/www.amaplaneteblanquefort.fr\/wordpress\/wp-json\/wp\/v2\/tags?post=5862"}],"curies":[{"name":"wp","href":"https:\/\/api.w.org\/{rel}","templated":true}]}}