{"id":5836,"date":"2015-08-18T11:13:42","date_gmt":"2015-08-18T09:13:42","guid":{"rendered":"http:\/\/www.amaplaneteblanquefort.fr\/wordpress\/?p=5836"},"modified":"2015-08-18T11:16:02","modified_gmt":"2015-08-18T09:16:02","slug":"visite-de-la-ferme","status":"publish","type":"post","link":"http:\/\/www.amaplaneteblanquefort.fr\/wordpress\/2015\/08\/18\/visite-de-la-ferme\/","title":{"rendered":"VISITE DE LA FERME !"},"content":{"rendered":"<p><span style=\"font-family: Arial,sans-serif;\"><span style=\"font-size: large;\">Notre productrice de fromage de ch\u00e8vre, Marl\u00e8ne SERRANO, nous invite \u00e0 visiter sa ferme le dimanche 20 septembre. <\/span><\/span><\/p>\n<p><span style=\"font-family: Arial,sans-serif;\"><span style=\"font-size: large;\">Rendez-vous \u00e0 11 heures.<\/span><\/span><\/p>\n<p><span style=\"font-family: Arial,sans-serif;\"><span style=\"font-size: large;\">&gt; Programme de la journ\u00e9e:<\/span><\/span><\/p>\n<p><span style=\"font-family: Arial,sans-serif;\"><span style=\"font-size: large;\">&gt; 11h: accueil autour d&rsquo;un caf\u00e9 puis visite de l \u00e9levage<\/span><\/span><\/p>\n<p><span style=\"font-family: Arial,sans-serif;\"><span style=\"font-size: large;\">&gt; 13h: pique-nique \u00ab\u00a0auberge espagnole\u00a0\u00bb(chacun porte un petit truc) suivi d&rsquo;une d\u00e9gustation de fromages de ch\u00e8vre et explication de la fabrication<\/span><\/span><\/p>\n<p><span style=\"font-family: Arial,sans-serif;\"><span style=\"font-size: large;\">&gt; 15h: promenade digestive et p\u00e2turage des ch\u00e8vres<\/span><\/span><\/p>\n<p><span style=\"font-family: Arial,sans-serif;\"><span style=\"font-size: large;\">&gt; 17h: retour sur la ferme<\/span><\/span><\/p>\n<p><span style=\"font-family: Arial,sans-serif;\"><span style=\"font-size: large;\">&gt; 17h45: traite des ch\u00e8vres<\/span><\/span><\/p>\n<p><span style=\"font-family: Arial,sans-serif;\"><span style=\"font-size: large;\">Penser \u00e0 venir en tenue \u00ab\u00a0d\u00e9contract\u00e9e\u00a0\u00bb avec bottes ou chaussures de rando.<\/span><\/span><\/p>\n<p><span style=\"font-family: Arial,sans-serif;\"><span style=\"font-size: large;\">&gt;<\/span><\/span><\/p>\n<p><span style=\"font-family: Arial,sans-serif;\"><span style=\"font-size: large;\">Ferme Manieu Noel &#8211; Marl\u00e8ne Serrano<\/span><\/span><\/p>\n<p><span style=\"font-family: Arial,sans-serif;\"><span style=\"font-size: large;\"> lieu dit Manieu Noel &#8211;\u00a0 33760 Courpiac<\/span><\/span><\/p>\n<p><span style=\"font-family: Arial,sans-serif;\"><span style=\"font-size: large;\">tel: 05 56 23 62 41 \/ 06 13 76 34 02<\/span><\/span><\/p>\n<p><span style=\"font-family: Arial,sans-serif;\"><span style=\"font-size: large;\">Afin que Marl\u00e8ne puisse pr\u00e9voir l&rsquo;organisation, pensez \u00e0 vous inscrire \u00e0 l&rsquo;avance, (de pr\u00e9f\u00e9rence avant le 13 septembre), par mail aupr\u00e8s des coordinatrices de ce contrat:<\/span><\/span><\/p>\n<p><span style=\"font-family: Arial,sans-serif;\"><span style=\"font-size: large;\">&gt; Sylvie C\u00e9sard:\u00a0\u00a0<a href=\"mailto:sylvie.cesard@gmail.com\">sylvie.cesard@gmail.com<\/a><\/span><\/span><\/p>\n<p><span style=\"font-family: Arial,sans-serif;\"><span style=\"font-size: large;\">&gt; Ghislaine Doucet:\u00a0\u00a0<a href=\"mailto:ghisdoucet@gmail.com\">ghisdoucet@gmail.com<\/a><\/span><\/span><\/p>\n<p><span style=\"font-family: Arial,sans-serif;\"><span style=\"font-size: large;\">Venez nombreux ! L&rsquo;invitation s&rsquo;adresse \u00e0 tous les Amapiens, souscripteurs du contrat ou non.<\/span><\/span><\/p>\n","protected":false},"excerpt":{"rendered":"<p>Notre productrice de fromage de ch\u00e8vre, Marl\u00e8ne SERRANO, nous invite \u00e0 visiter sa ferme le dimanche 20 septembre. Rendez-vous \u00e0 11 heures. &gt; Programme de la journ\u00e9e: &gt; 11h: accueil autour d&rsquo;un caf\u00e9 puis visite de l \u00e9levage &gt; 13h: pique-nique \u00ab\u00a0auberge espagnole\u00a0\u00bb(chacun porte un petit truc) suivi d&rsquo;une d\u00e9gustation de fromages de ch\u00e8vre et &hellip; <a href=\"http:\/\/www.amaplaneteblanquefort.fr\/wordpress\/2015\/08\/18\/visite-de-la-ferme\/\" class=\"more-link\">Continuer la lecture de <span class=\"screen-reader-text\">VISITE DE LA FERME !<\/span> <span class=\"meta-nav\">&rarr;<\/span><\/a><\/p>\n","protected":false},"author":1,"featured_media":0,"comment_status":"open","ping_status":"open","sticky":false,"template":"","format":"standard","meta":{"footnotes":""},"categories":[23],"tags":[],"class_list":["post-5836","post","type-post","status-publish","format-standard","hentry","category-11-fromages-de-chevre"],"_links":{"self":[{"href":"http:\/\/www.amaplaneteblanquefort.fr\/wordpress\/wp-json\/wp\/v2\/posts\/5836","targetHints":{"allow":["GET"]}}],"collection":[{"href":"http:\/\/www.amaplaneteblanquefort.fr\/wordpress\/wp-json\/wp\/v2\/posts"}],"about":[{"href":"http:\/\/www.amaplaneteblanquefort.fr\/wordpress\/wp-json\/wp\/v2\/types\/post"}],"author":[{"embeddable":true,"href":"http:\/\/www.amaplaneteblanquefort.fr\/wordpress\/wp-json\/wp\/v2\/users\/1"}],"replies":[{"embeddable":true,"href":"http:\/\/www.amaplaneteblanquefort.fr\/wordpress\/wp-json\/wp\/v2\/comments?post=5836"}],"version-history":[{"count":2,"href":"http:\/\/www.amaplaneteblanquefort.fr\/wordpress\/wp-json\/wp\/v2\/posts\/5836\/revisions"}],"predecessor-version":[{"id":5838,"href":"http:\/\/www.amaplaneteblanquefort.fr\/wordpress\/wp-json\/wp\/v2\/posts\/5836\/revisions\/5838"}],"wp:attachment":[{"href":"http:\/\/www.amaplaneteblanquefort.fr\/wordpress\/wp-json\/wp\/v2\/media?parent=5836"}],"wp:term":[{"taxonomy":"category","embeddable":true,"href":"http:\/\/www.amaplaneteblanquefort.fr\/wordpress\/wp-json\/wp\/v2\/categories?post=5836"},{"taxonomy":"post_tag","embeddable":true,"href":"http:\/\/www.amaplaneteblanquefort.fr\/wordpress\/wp-json\/wp\/v2\/tags?post=5836"}],"curies":[{"name":"wp","href":"https:\/\/api.w.org\/{rel}","templated":true}]}}