{"id":5751,"date":"2015-07-29T11:49:27","date_gmt":"2015-07-29T09:49:27","guid":{"rendered":"http:\/\/www.amaplaneteblanquefort.fr\/wordpress\/?p=5751"},"modified":"2015-07-29T12:02:58","modified_gmt":"2015-07-29T10:02:58","slug":"contrat-poisson-20152016","status":"publish","type":"post","link":"http:\/\/www.amaplaneteblanquefort.fr\/wordpress\/2015\/07\/29\/contrat-poisson-20152016\/","title":{"rendered":"Contrat poisson 2015\/2016"},"content":{"rendered":"<p>Bonjour, une nouvelle saison de p\u00eache va bient\u00f4t d\u00e9buter ;\u00a0il est temps de renouveler les contrats aupr\u00e8s de notre p\u00e9cheur favori Olivier Argelas.<\/p>\n<p>Les conditions sont les m\u00eames c&rsquo;est \u00e0 dire, 3Kg de poissons \u00e0 11\u20ac le kilo soit 33\u20ac par mois de septembre \u00e0 juillet inclus.<\/p>\n<p>Il s&rsquo;agit de poissons qui viennent uniquement de nos c\u00f4tes au large du bassin d&rsquo;Arcachon. \u00a0Soles, bar, seiches, merlus, dorades, maigres, roussettes, grondins, vives etc&#8230;. et uniquement ultra frais car p\u00each\u00e9s de la veille voire de la nuit m\u00eame.<\/p>\n<p><a href=\"http:\/\/www.amaplaneteblanquefort.fr\/wordpress\/wp-content\/uploads\/2015\/07\/olivier.jpg\"><img loading=\"lazy\" decoding=\"async\" class=\"aligncenter size-medium wp-image-5757\" src=\"http:\/\/www.amaplaneteblanquefort.fr\/wordpress\/wp-content\/uploads\/2015\/07\/olivier-300x200.jpg\" alt=\"olivier\" width=\"300\" height=\"200\" srcset=\"http:\/\/www.amaplaneteblanquefort.fr\/wordpress\/wp-content\/uploads\/2015\/07\/olivier-300x200.jpg 300w, http:\/\/www.amaplaneteblanquefort.fr\/wordpress\/wp-content\/uploads\/2015\/07\/olivier.jpg 480w\" sizes=\"auto, (max-width: 300px) 100vw, 300px\" \/><\/a><\/p>\n<p>Voici le contrat que vous devez remplir et me porter le 30 juillet, 6 ou 13 ao\u00fbt 2015.<\/p>\n<p><a href=\"http:\/\/www.amaplaneteblanquefort.fr\/wordpress\/wp-content\/uploads\/2015\/07\/contrat-poissons-2015-2016.pdf\">contrat poissons 2015-2016<\/a><\/p>\n<p>Contactez moi pour tout renseignement compl\u00e9mentaire.<\/p>\n<p>Yannick<\/p>\n","protected":false},"excerpt":{"rendered":"<p>Bonjour, une nouvelle saison de p\u00eache va bient\u00f4t d\u00e9buter ;\u00a0il est temps de renouveler les contrats aupr\u00e8s de notre p\u00e9cheur favori Olivier Argelas. Les conditions sont les m\u00eames c&rsquo;est \u00e0 dire, 3Kg de poissons \u00e0 11\u20ac le kilo soit 33\u20ac par mois de septembre \u00e0 juillet inclus. Il s&rsquo;agit de poissons qui viennent uniquement de &hellip; <a href=\"http:\/\/www.amaplaneteblanquefort.fr\/wordpress\/2015\/07\/29\/contrat-poisson-20152016\/\" class=\"more-link\">Continuer la lecture de <span class=\"screen-reader-text\">Contrat poisson 2015\/2016<\/span> <span class=\"meta-nav\">&rarr;<\/span><\/a><\/p>\n","protected":false},"author":20,"featured_media":0,"comment_status":"open","ping_status":"open","sticky":false,"template":"","format":"standard","meta":{"footnotes":""},"categories":[20],"tags":[],"class_list":["post-5751","post","type-post","status-publish","format-standard","hentry","category-08-poissons"],"_links":{"self":[{"href":"http:\/\/www.amaplaneteblanquefort.fr\/wordpress\/wp-json\/wp\/v2\/posts\/5751","targetHints":{"allow":["GET"]}}],"collection":[{"href":"http:\/\/www.amaplaneteblanquefort.fr\/wordpress\/wp-json\/wp\/v2\/posts"}],"about":[{"href":"http:\/\/www.amaplaneteblanquefort.fr\/wordpress\/wp-json\/wp\/v2\/types\/post"}],"author":[{"embeddable":true,"href":"http:\/\/www.amaplaneteblanquefort.fr\/wordpress\/wp-json\/wp\/v2\/users\/20"}],"replies":[{"embeddable":true,"href":"http:\/\/www.amaplaneteblanquefort.fr\/wordpress\/wp-json\/wp\/v2\/comments?post=5751"}],"version-history":[{"count":6,"href":"http:\/\/www.amaplaneteblanquefort.fr\/wordpress\/wp-json\/wp\/v2\/posts\/5751\/revisions"}],"predecessor-version":[{"id":5760,"href":"http:\/\/www.amaplaneteblanquefort.fr\/wordpress\/wp-json\/wp\/v2\/posts\/5751\/revisions\/5760"}],"wp:attachment":[{"href":"http:\/\/www.amaplaneteblanquefort.fr\/wordpress\/wp-json\/wp\/v2\/media?parent=5751"}],"wp:term":[{"taxonomy":"category","embeddable":true,"href":"http:\/\/www.amaplaneteblanquefort.fr\/wordpress\/wp-json\/wp\/v2\/categories?post=5751"},{"taxonomy":"post_tag","embeddable":true,"href":"http:\/\/www.amaplaneteblanquefort.fr\/wordpress\/wp-json\/wp\/v2\/tags?post=5751"}],"curies":[{"name":"wp","href":"https:\/\/api.w.org\/{rel}","templated":true}]}}