{"id":5739,"date":"2015-07-28T22:57:28","date_gmt":"2015-07-28T20:57:28","guid":{"rendered":"http:\/\/www.amaplaneteblanquefort.fr\/wordpress\/?p=5739"},"modified":"2015-07-28T23:22:36","modified_gmt":"2015-07-28T21:22:36","slug":"visite-de-lexploitation-deduardo-saguar-episode-n-1-lexploitation","status":"publish","type":"post","link":"http:\/\/www.amaplaneteblanquefort.fr\/wordpress\/2015\/07\/28\/visite-de-lexploitation-deduardo-saguar-episode-n-1-lexploitation\/","title":{"rendered":"Visite de l\u2019exploitation d\u2019Eduardo Saguar &#8211; Episode n\u00b0 1\u00a0: L&rsquo;exploitation"},"content":{"rendered":"<h2 style=\"text-align: left;\" align=\"CENTER\"><span style=\"color: #ff6600;\"><b>Visite de l\u2019exploitation d\u2019Eduardo Saguar &#8211;\u00a0<\/b><b>Lundi 19 mai 2015 &#8211;\u00a0<\/b><b>Marie Guillou et\u00a0Marc Bogas<\/b><\/span><\/h2>\n<p><a href=\"http:\/\/www.amaplaneteblanquefort.fr\/wordpress\/wp-content\/uploads\/2015\/07\/eduardo4.jpg\"><img loading=\"lazy\" decoding=\"async\" class=\"alignleft size-medium wp-image-5744\" src=\"http:\/\/www.amaplaneteblanquefort.fr\/wordpress\/wp-content\/uploads\/2015\/07\/eduardo4-225x300.jpg\" alt=\"eduardo4\" width=\"225\" height=\"300\" srcset=\"http:\/\/www.amaplaneteblanquefort.fr\/wordpress\/wp-content\/uploads\/2015\/07\/eduardo4-225x300.jpg 225w, http:\/\/www.amaplaneteblanquefort.fr\/wordpress\/wp-content\/uploads\/2015\/07\/eduardo4.jpg 404w\" sizes=\"auto, (max-width: 225px) 100vw, 225px\" \/><\/a><\/p>\n<p align=\"JUSTIFY\">Eduardo cultive un terrain de 1,5 hectares situ\u00e9 dans les marais d\u2019Eysines, derri\u00e8re le parc de Majolan. Il poss\u00e8de <b>une serre et deux hangars<\/b>. Ces b\u00e2timents lui servent de stockage pour les l\u00e9gumes cueillis en attente de distribution, pour les plants et pour son mat\u00e9riel.<\/p>\n<p align=\"JUSTIFY\"><a href=\"http:\/\/www.amaplaneteblanquefort.fr\/wordpress\/wp-content\/uploads\/2015\/07\/Eduardo1.jpg\"><img loading=\"lazy\" decoding=\"async\" class=\" size-medium wp-image-5741 alignright\" src=\"http:\/\/www.amaplaneteblanquefort.fr\/wordpress\/wp-content\/uploads\/2015\/07\/Eduardo1-225x300.jpg\" alt=\"Eduardo1\" width=\"225\" height=\"300\" srcset=\"http:\/\/www.amaplaneteblanquefort.fr\/wordpress\/wp-content\/uploads\/2015\/07\/Eduardo1-225x300.jpg 225w, http:\/\/www.amaplaneteblanquefort.fr\/wordpress\/wp-content\/uploads\/2015\/07\/Eduardo1.jpg 400w\" sizes=\"auto, (max-width: 225px) 100vw, 225px\" \/><\/a><\/p>\n<p align=\"JUSTIFY\">Son terrain est travers\u00e9 par l<span style=\"line-height: 1.5;\">a \u00ab\u00a0R\u00e9guette\u00a0\u00bb, un bras de la \u00ab\u00a0Jalle\u00a0\u00bb\u00a0:<\/span><\/p>\n<ul>\n<li><span style=\"color: #ff6600;\"><b style=\"line-height: 1.5;\">Cela lui permet d\u2019avoir de l\u2019eau toute l\u2019ann\u00e9e<\/b><\/span><span style=\"line-height: 1.5;\">. Il a ainsi pu mettre en place un syst\u00e8me d\u2019irrigation avec pompe.<\/span><\/li>\n<li>Par contre cela cela g\u00e9n\u00e8re des <span style=\"color: #ff6600;\"><b>probl\u00e8mes de drainage<\/b><\/span> et une partie du terrain est indisponible en hiver.<\/li>\n<\/ul>\n<p align=\"JUSTIFY\"><img loading=\"lazy\" decoding=\"async\" class=\" size-medium wp-image-5743 alignright\" src=\"http:\/\/www.amaplaneteblanquefort.fr\/wordpress\/wp-content\/uploads\/2015\/07\/Eduardo3-300x225.jpg\" alt=\"Eduardo3\" width=\"300\" height=\"225\" srcset=\"http:\/\/www.amaplaneteblanquefort.fr\/wordpress\/wp-content\/uploads\/2015\/07\/Eduardo3-300x225.jpg 300w, http:\/\/www.amaplaneteblanquefort.fr\/wordpress\/wp-content\/uploads\/2015\/07\/Eduardo3.jpg 460w\" sizes=\"auto, (max-width: 300px) 100vw, 300px\" \/>Cela fait maintenant trois ans qu\u2019Eduardo travaille ce terrain. Sa premi\u00e8re ann\u00e9e a \u00e9t\u00e9 consacr\u00e9e \u00e0 la<span style=\"color: #ff6600;\"><strong> remise en \u00e9tat<\/strong><\/span>\u00a0: le terrain avait \u00e9t\u00e9 exploit\u00e9 par un mara\u00eecher puis, au d\u00e9part \u00e0 la retraite de ce dernier, le terrain avait \u00e9t\u00e9 laiss\u00e9 en friche pendant 10 ans. Il a fallu tomber des arbres et arbustes, d\u00e9raciner, broyer, ensevelir, aplanir\u2026.\u00a0: du gros \u0153uvre&#8230;<\/p>\n<p align=\"JUSTIFY\"><a href=\"http:\/\/www.amaplaneteblanquefort.fr\/wordpress\/wp-content\/uploads\/2015\/07\/Eduardo2.jpg\"><img loading=\"lazy\" decoding=\"async\" class=\"alignleft size-medium wp-image-5742\" src=\"http:\/\/www.amaplaneteblanquefort.fr\/wordpress\/wp-content\/uploads\/2015\/07\/Eduardo2-300x225.jpg\" alt=\"Eduardo2\" width=\"300\" height=\"225\" srcset=\"http:\/\/www.amaplaneteblanquefort.fr\/wordpress\/wp-content\/uploads\/2015\/07\/Eduardo2-300x225.jpg 300w, http:\/\/www.amaplaneteblanquefort.fr\/wordpress\/wp-content\/uploads\/2015\/07\/Eduardo2.jpg 459w\" sizes=\"auto, (max-width: 300px) 100vw, 300px\" \/><\/a><\/p>\n<p align=\"JUSTIFY\">Il y avait donc un <span style=\"color: #ff6600;\"><b>fort taux de substance organique dans la terre<\/b><\/span>, ce qui n\u2019\u00e9tait pas toujours bon pour les plantations. D\u00e9sormais, ce taux d\u2019humus est mieux adapt\u00e9 et profitable aux l\u00e9gumes.<\/p>\n<p align=\"JUSTIFY\"><span style=\"color: #ff6600;\"><b>Son terrain est entour\u00e9 de foss\u00e9s<\/b><\/span> dont l\u2019entretien n\u2019est pas toujours fait r\u00e9guli\u00e8rement. Cela qui a occasionn\u00e9 l\u2019ann\u00e9e derni\u00e8re l\u2019inondation de son terrain. Le propri\u00e9taire concern\u00e9 a cur\u00e9 les foss\u00e9s cette ann\u00e9e. Le curage doit ob\u00e9ir \u00e0 des r\u00e8gles environnementales pas toujours faciles \u00e0 respecter.<\/p>\n<p align=\"JUSTIFY\">Eduardo livre\u00a0une Amap \u00e0 Bordeaux\u00a0(26 paniers) et l&rsquo;Amap Blanquefort\u00a0(15.5 paniers). Soit 41 paniers. Il pourrait produire jusqu\u2019\u00e0 50 paniers, peut-\u00eatre un peu plus, 60 maximum.<\/p>\n<p align=\"JUSTIFY\"><span style=\"color: #ff6600;\"><b>Un autre mara\u00eecher va s\u2019installer en face du terrain d\u2019Eduardo<\/b><\/span>. Ils se connaissent et envisagent de s\u2019aider autant que possible. Cela est une tr\u00e8s bonne nouvelle car il n&rsquo;est pas toujours facile de travailler seul. L\u2019autre mara\u00eecher ne souhaite pas partir sur un fonctionnement d\u2019Amap car trop contraignant\u00a0: cela oblige \u00e0 augmenter les vari\u00e9t\u00e9s. Il va se focaliser sur quelques vari\u00e9t\u00e9s et les vendre sur des march\u00e9s.<\/p>\n<p>&nbsp;<\/p>\n","protected":false},"excerpt":{"rendered":"<p>Visite de l\u2019exploitation d\u2019Eduardo Saguar &#8211;\u00a0Lundi 19 mai 2015 &#8211;\u00a0Marie Guillou et\u00a0Marc Bogas Eduardo cultive un terrain de 1,5 hectares situ\u00e9 dans les marais d\u2019Eysines, derri\u00e8re le parc de Majolan. Il poss\u00e8de une serre et deux hangars. Ces b\u00e2timents lui servent de stockage pour les l\u00e9gumes cueillis en attente de distribution, pour les plants et &hellip; <a href=\"http:\/\/www.amaplaneteblanquefort.fr\/wordpress\/2015\/07\/28\/visite-de-lexploitation-deduardo-saguar-episode-n-1-lexploitation\/\" class=\"more-link\">Continuer la lecture de <span class=\"screen-reader-text\">Visite de l\u2019exploitation d\u2019Eduardo Saguar &#8211; Episode n\u00b0 1\u00a0: L&rsquo;exploitation<\/span> <span class=\"meta-nav\">&rarr;<\/span><\/a><\/p>\n","protected":false},"author":150,"featured_media":0,"comment_status":"open","ping_status":"open","sticky":false,"template":"","format":"standard","meta":{"footnotes":""},"categories":[5],"tags":[],"class_list":["post-5739","post","type-post","status-publish","format-standard","hentry","category-01-legumes"],"_links":{"self":[{"href":"http:\/\/www.amaplaneteblanquefort.fr\/wordpress\/wp-json\/wp\/v2\/posts\/5739","targetHints":{"allow":["GET"]}}],"collection":[{"href":"http:\/\/www.amaplaneteblanquefort.fr\/wordpress\/wp-json\/wp\/v2\/posts"}],"about":[{"href":"http:\/\/www.amaplaneteblanquefort.fr\/wordpress\/wp-json\/wp\/v2\/types\/post"}],"author":[{"embeddable":true,"href":"http:\/\/www.amaplaneteblanquefort.fr\/wordpress\/wp-json\/wp\/v2\/users\/150"}],"replies":[{"embeddable":true,"href":"http:\/\/www.amaplaneteblanquefort.fr\/wordpress\/wp-json\/wp\/v2\/comments?post=5739"}],"version-history":[{"count":2,"href":"http:\/\/www.amaplaneteblanquefort.fr\/wordpress\/wp-json\/wp\/v2\/posts\/5739\/revisions"}],"predecessor-version":[{"id":5746,"href":"http:\/\/www.amaplaneteblanquefort.fr\/wordpress\/wp-json\/wp\/v2\/posts\/5739\/revisions\/5746"}],"wp:attachment":[{"href":"http:\/\/www.amaplaneteblanquefort.fr\/wordpress\/wp-json\/wp\/v2\/media?parent=5739"}],"wp:term":[{"taxonomy":"category","embeddable":true,"href":"http:\/\/www.amaplaneteblanquefort.fr\/wordpress\/wp-json\/wp\/v2\/categories?post=5739"},{"taxonomy":"post_tag","embeddable":true,"href":"http:\/\/www.amaplaneteblanquefort.fr\/wordpress\/wp-json\/wp\/v2\/tags?post=5739"}],"curies":[{"name":"wp","href":"https:\/\/api.w.org\/{rel}","templated":true}]}}