{"id":5660,"date":"2015-07-22T09:42:26","date_gmt":"2015-07-22T07:42:26","guid":{"rendered":"http:\/\/www.amaplaneteblanquefort.fr\/wordpress\/?p=5660"},"modified":"2015-09-07T09:50:49","modified_gmt":"2015-09-07T07:50:49","slug":"fete-des-bergers-a-porcheres","status":"publish","type":"post","link":"http:\/\/www.amaplaneteblanquefort.fr\/wordpress\/2015\/07\/22\/fete-des-bergers-a-porcheres\/","title":{"rendered":"F\u00eate des bergers \u00e0 Porch\u00e8res"},"content":{"rendered":"<p>Un message de M et Mme Sancier les bergers de l&rsquo;AMAP<\/p>\n<div>C&rsquo;est avec plaisir que nous vous accueillerons tout au long du WE. Lors de ces journ\u00e9es il y aura \u00e9galement d\u00e9monstrations d&rsquo;attelage avec des \u00e2nes, des chiens de bergers mais aussi de nombreuses animations pour le plaisir des grands et des petits.<\/div>\n<div><\/div>\n<div>Au plaisir de vous y rencontrer<\/div>\n<div><\/div>\n<div>Les bergers,<\/div>\n<div>Pascal et Domi<\/div>\n<div>La ferme du Paillot<\/div>\n<div><a href=\"http:\/\/www.amaplaneteblanquefort.fr\/wordpress\/wp-content\/uploads\/2015\/07\/fete-des-bergers1.jpg\"><img loading=\"lazy\" decoding=\"async\" class=\"alignleft size-large wp-image-5655\" src=\"http:\/\/www.amaplaneteblanquefort.fr\/wordpress\/wp-content\/uploads\/2015\/07\/fete-des-bergers1-723x1024.jpg\" alt=\"fete des bergers1\" width=\"580\" height=\"821\" srcset=\"http:\/\/www.amaplaneteblanquefort.fr\/wordpress\/wp-content\/uploads\/2015\/07\/fete-des-bergers1-723x1024.jpg 723w, http:\/\/www.amaplaneteblanquefort.fr\/wordpress\/wp-content\/uploads\/2015\/07\/fete-des-bergers1-212x300.jpg 212w, http:\/\/www.amaplaneteblanquefort.fr\/wordpress\/wp-content\/uploads\/2015\/07\/fete-des-bergers1.jpg 1717w\" sizes=\"auto, (max-width: 580px) 100vw, 580px\" \/><\/a> <a href=\"http:\/\/www.amaplaneteblanquefort.fr\/wordpress\/wp-content\/uploads\/2015\/07\/programmefete.jpg\"><img loading=\"lazy\" decoding=\"async\" class=\"alignleft size-large wp-image-5656\" src=\"http:\/\/www.amaplaneteblanquefort.fr\/wordpress\/wp-content\/uploads\/2015\/07\/programmefete-740x1024.jpg\" alt=\"programmefete\" width=\"580\" height=\"803\" srcset=\"http:\/\/www.amaplaneteblanquefort.fr\/wordpress\/wp-content\/uploads\/2015\/07\/programmefete-740x1024.jpg 740w, http:\/\/www.amaplaneteblanquefort.fr\/wordpress\/wp-content\/uploads\/2015\/07\/programmefete-217x300.jpg 217w, http:\/\/www.amaplaneteblanquefort.fr\/wordpress\/wp-content\/uploads\/2015\/07\/programmefete.jpg 1752w\" sizes=\"auto, (max-width: 580px) 100vw, 580px\" \/><\/a><\/div>\n","protected":false},"excerpt":{"rendered":"<p>Un message de M et Mme Sancier les bergers de l&rsquo;AMAP C&rsquo;est avec plaisir que nous vous accueillerons tout au long du WE. Lors de ces journ\u00e9es il y aura \u00e9galement d\u00e9monstrations d&rsquo;attelage avec des \u00e2nes, des chiens de bergers mais aussi de nombreuses animations pour le plaisir des grands et des petits. Au plaisir &hellip; <a href=\"http:\/\/www.amaplaneteblanquefort.fr\/wordpress\/2015\/07\/22\/fete-des-bergers-a-porcheres\/\" class=\"more-link\">Continuer la lecture de <span class=\"screen-reader-text\">F\u00eate des bergers \u00e0 Porch\u00e8res<\/span> <span class=\"meta-nav\">&rarr;<\/span><\/a><\/p>\n","protected":false},"author":17,"featured_media":0,"comment_status":"open","ping_status":"open","sticky":false,"template":"","format":"standard","meta":{"footnotes":""},"categories":[8],"tags":[],"class_list":["post-5660","post","type-post","status-publish","format-standard","hentry","category-04-agneau"],"_links":{"self":[{"href":"http:\/\/www.amaplaneteblanquefort.fr\/wordpress\/wp-json\/wp\/v2\/posts\/5660","targetHints":{"allow":["GET"]}}],"collection":[{"href":"http:\/\/www.amaplaneteblanquefort.fr\/wordpress\/wp-json\/wp\/v2\/posts"}],"about":[{"href":"http:\/\/www.amaplaneteblanquefort.fr\/wordpress\/wp-json\/wp\/v2\/types\/post"}],"author":[{"embeddable":true,"href":"http:\/\/www.amaplaneteblanquefort.fr\/wordpress\/wp-json\/wp\/v2\/users\/17"}],"replies":[{"embeddable":true,"href":"http:\/\/www.amaplaneteblanquefort.fr\/wordpress\/wp-json\/wp\/v2\/comments?post=5660"}],"version-history":[{"count":3,"href":"http:\/\/www.amaplaneteblanquefort.fr\/wordpress\/wp-json\/wp\/v2\/posts\/5660\/revisions"}],"predecessor-version":[{"id":5663,"href":"http:\/\/www.amaplaneteblanquefort.fr\/wordpress\/wp-json\/wp\/v2\/posts\/5660\/revisions\/5663"}],"wp:attachment":[{"href":"http:\/\/www.amaplaneteblanquefort.fr\/wordpress\/wp-json\/wp\/v2\/media?parent=5660"}],"wp:term":[{"taxonomy":"category","embeddable":true,"href":"http:\/\/www.amaplaneteblanquefort.fr\/wordpress\/wp-json\/wp\/v2\/categories?post=5660"},{"taxonomy":"post_tag","embeddable":true,"href":"http:\/\/www.amaplaneteblanquefort.fr\/wordpress\/wp-json\/wp\/v2\/tags?post=5660"}],"curies":[{"name":"wp","href":"https:\/\/api.w.org\/{rel}","templated":true}]}}