{"id":5195,"date":"2015-09-02T10:28:11","date_gmt":"2015-09-02T08:28:11","guid":{"rendered":"http:\/\/www.amaplaneteblanquefort.fr\/wordpress\/?p=5195"},"modified":"2015-09-02T10:33:31","modified_gmt":"2015-09-02T08:33:31","slug":"renouvellement-du-contrat-chevre","status":"publish","type":"post","link":"http:\/\/www.amaplaneteblanquefort.fr\/wordpress\/2015\/09\/02\/renouvellement-du-contrat-chevre\/","title":{"rendered":"Renouvellement du contrat ch\u00e8vre"},"content":{"rendered":"<p>Bonjour,<br \/>\nLa derni\u00e8re livraison du contrat fromage de ch\u00e8vre a eu lieu<br \/>\nle 18 juin.<br \/>\nLa prise de contrats, pour la p\u00e9riode de septembre 2015 \u00e0 janvier 2016, est encore possible.<\/p>\n<figure id=\"attachment_660\" aria-describedby=\"caption-attachment-660\" style=\"width: 300px\" class=\"wp-caption alignright\"><a href=\"http:\/\/www.amaplaneteblanquefort.fr\/wordpress\/wp-content\/uploads\/2012\/11\/WEBfromages-022.jpg\"><img loading=\"lazy\" decoding=\"async\" class=\"size-medium wp-image-660\" src=\"http:\/\/www.amaplaneteblanquefort.fr\/wordpress\/wp-content\/uploads\/2012\/11\/WEBfromages-022-300x200.jpg\" alt=\"photo fromages\" width=\"300\" height=\"200\" srcset=\"http:\/\/www.amaplaneteblanquefort.fr\/wordpress\/wp-content\/uploads\/2012\/11\/WEBfromages-022-300x200.jpg 300w, http:\/\/www.amaplaneteblanquefort.fr\/wordpress\/wp-content\/uploads\/2012\/11\/WEBfromages-022.jpg 448w\" sizes=\"auto, (max-width: 300px) 100vw, 300px\" \/><\/a><figcaption id=\"caption-attachment-660\" class=\"wp-caption-text\">plateau de fromage<\/figcaption><\/figure>\n<p>N&rsquo;oubliez pas d&rsquo;apporter vos contrats imprim\u00e9s. <strong>Attention 2 fichiers \u00e0 t\u00e9l\u00e9charger<\/strong><br \/>\nVos coordinatrices Sylvie et Ghislaine\u00a0\u00bb<\/p>\n<p><a href=\"http:\/\/www.amaplaneteblanquefort.fr\/wordpress\/wp-content\/uploads\/2015\/06\/Fiche-Contrat-2\u00e8me-semestre-2015-rect.-.pdf\">Fiche Contrat 2\u00e8me semestre 2015 rect<\/a>\u00a0\u00a0<a href=\"http:\/\/www.amaplaneteblanquefort.fr\/wordpress\/wp-content\/uploads\/2015\/06\/D\u00e9tail-commandes-2\u00e8me-trimestre-2015.pdf\">D\u00e9tail commandes 2\u00e8me trimestre 2015<\/a><\/p>\n","protected":false},"excerpt":{"rendered":"<p>Bonjour, La derni\u00e8re livraison du contrat fromage de ch\u00e8vre a eu lieu le 18 juin. La prise de contrats, pour la p\u00e9riode de septembre 2015 \u00e0 janvier 2016, est encore possible. N&rsquo;oubliez pas d&rsquo;apporter vos contrats imprim\u00e9s. Attention 2 fichiers \u00e0 t\u00e9l\u00e9charger Vos coordinatrices Sylvie et Ghislaine\u00a0\u00bb Fiche Contrat 2\u00e8me semestre 2015 rect\u00a0\u00a0D\u00e9tail commandes 2\u00e8me &hellip; <a href=\"http:\/\/www.amaplaneteblanquefort.fr\/wordpress\/2015\/09\/02\/renouvellement-du-contrat-chevre\/\" class=\"more-link\">Continuer la lecture de <span class=\"screen-reader-text\">Renouvellement du contrat ch\u00e8vre<\/span> <span class=\"meta-nav\">&rarr;<\/span><\/a><\/p>\n","protected":false},"author":7,"featured_media":0,"comment_status":"open","ping_status":"open","sticky":false,"template":"","format":"standard","meta":{"footnotes":""},"categories":[23],"tags":[],"class_list":["post-5195","post","type-post","status-publish","format-standard","hentry","category-11-fromages-de-chevre"],"_links":{"self":[{"href":"http:\/\/www.amaplaneteblanquefort.fr\/wordpress\/wp-json\/wp\/v2\/posts\/5195","targetHints":{"allow":["GET"]}}],"collection":[{"href":"http:\/\/www.amaplaneteblanquefort.fr\/wordpress\/wp-json\/wp\/v2\/posts"}],"about":[{"href":"http:\/\/www.amaplaneteblanquefort.fr\/wordpress\/wp-json\/wp\/v2\/types\/post"}],"author":[{"embeddable":true,"href":"http:\/\/www.amaplaneteblanquefort.fr\/wordpress\/wp-json\/wp\/v2\/users\/7"}],"replies":[{"embeddable":true,"href":"http:\/\/www.amaplaneteblanquefort.fr\/wordpress\/wp-json\/wp\/v2\/comments?post=5195"}],"version-history":[{"count":5,"href":"http:\/\/www.amaplaneteblanquefort.fr\/wordpress\/wp-json\/wp\/v2\/posts\/5195\/revisions"}],"predecessor-version":[{"id":6110,"href":"http:\/\/www.amaplaneteblanquefort.fr\/wordpress\/wp-json\/wp\/v2\/posts\/5195\/revisions\/6110"}],"wp:attachment":[{"href":"http:\/\/www.amaplaneteblanquefort.fr\/wordpress\/wp-json\/wp\/v2\/media?parent=5195"}],"wp:term":[{"taxonomy":"category","embeddable":true,"href":"http:\/\/www.amaplaneteblanquefort.fr\/wordpress\/wp-json\/wp\/v2\/categories?post=5195"},{"taxonomy":"post_tag","embeddable":true,"href":"http:\/\/www.amaplaneteblanquefort.fr\/wordpress\/wp-json\/wp\/v2\/tags?post=5195"}],"curies":[{"name":"wp","href":"https:\/\/api.w.org\/{rel}","templated":true}]}}