{"id":5181,"date":"2015-06-15T20:05:02","date_gmt":"2015-06-15T18:05:02","guid":{"rendered":"http:\/\/www.amaplaneteblanquefort.fr\/wordpress\/?p=5181"},"modified":"2015-06-16T20:39:20","modified_gmt":"2015-06-16T18:39:20","slug":"renouvellement-du-contrat-pain-2","status":"publish","type":"post","link":"http:\/\/www.amaplaneteblanquefort.fr\/wordpress\/2015\/06\/15\/renouvellement-du-contrat-pain-2\/","title":{"rendered":"Renouvellement du contrat pain"},"content":{"rendered":"<p><a href=\"http:\/\/www.amaplaneteblanquefort.fr\/wordpress\/wp-content\/uploads\/2015\/02\/8-Enfourner.jpg\"><img loading=\"lazy\" decoding=\"async\" class=\"alignnone size-medium wp-image-4324\" src=\"http:\/\/www.amaplaneteblanquefort.fr\/wordpress\/wp-content\/uploads\/2015\/02\/8-Enfourner-300x225.jpg\" alt=\"8-Enfourner\" width=\"300\" height=\"225\" srcset=\"http:\/\/www.amaplaneteblanquefort.fr\/wordpress\/wp-content\/uploads\/2015\/02\/8-Enfourner-300x225.jpg 300w, http:\/\/www.amaplaneteblanquefort.fr\/wordpress\/wp-content\/uploads\/2015\/02\/8-Enfourner-1024x768.jpg 1024w, http:\/\/www.amaplaneteblanquefort.fr\/wordpress\/wp-content\/uploads\/2015\/02\/8-Enfourner.jpg 1200w\" sizes=\"auto, (max-width: 300px) 100vw, 300px\" \/><\/a>Les jeudi 5 et 19 Juin vous pourrez souscrire le nouveau contrat pain<\/p>\n<p>Ce contrat couvrira la p\u00e9riode de Juillet \u00e0 d\u00e9cembre.<\/p>\n<p>Au mois de juillet vous pourrez \u00f4ter une ou deux livraisons (au cas ou vous seriez en vacances), et une seule livraison est pr\u00e9vue fin aout.<\/p>\n<p>Merci de venir avec vos contrats imprim\u00e9s.<\/p>\n<p><a href=\"http:\/\/www.amaplaneteblanquefort.fr\/wordpress\/wp-content\/uploads\/2015\/06\/contrat-pain-Juillet-D\u00e9cembre-trimestre.pdf\">contrat pain Juillet &#8211; D\u00e9cembre trimestre<\/a><\/p>\n<p>vos coordinatrices: Maryline Buisson, Dominique Giralda, sylvie Guiraud<\/p>\n","protected":false},"excerpt":{"rendered":"<p>Les jeudi 5 et 19 Juin vous pourrez souscrire le nouveau contrat pain Ce contrat couvrira la p\u00e9riode de Juillet \u00e0 d\u00e9cembre. Au mois de juillet vous pourrez \u00f4ter une ou deux livraisons (au cas ou vous seriez en vacances), et une seule livraison est pr\u00e9vue fin aout. Merci de venir avec vos contrats imprim\u00e9s. &hellip; <a href=\"http:\/\/www.amaplaneteblanquefort.fr\/wordpress\/2015\/06\/15\/renouvellement-du-contrat-pain-2\/\" class=\"more-link\">Continuer la lecture de <span class=\"screen-reader-text\">Renouvellement du contrat pain<\/span> <span class=\"meta-nav\">&rarr;<\/span><\/a><\/p>\n","protected":false},"author":7,"featured_media":0,"comment_status":"open","ping_status":"open","sticky":false,"template":"","format":"standard","meta":{"footnotes":""},"categories":[22],"tags":[],"class_list":["post-5181","post","type-post","status-publish","format-standard","hentry","category-10-volailles"],"_links":{"self":[{"href":"http:\/\/www.amaplaneteblanquefort.fr\/wordpress\/wp-json\/wp\/v2\/posts\/5181","targetHints":{"allow":["GET"]}}],"collection":[{"href":"http:\/\/www.amaplaneteblanquefort.fr\/wordpress\/wp-json\/wp\/v2\/posts"}],"about":[{"href":"http:\/\/www.amaplaneteblanquefort.fr\/wordpress\/wp-json\/wp\/v2\/types\/post"}],"author":[{"embeddable":true,"href":"http:\/\/www.amaplaneteblanquefort.fr\/wordpress\/wp-json\/wp\/v2\/users\/7"}],"replies":[{"embeddable":true,"href":"http:\/\/www.amaplaneteblanquefort.fr\/wordpress\/wp-json\/wp\/v2\/comments?post=5181"}],"version-history":[{"count":4,"href":"http:\/\/www.amaplaneteblanquefort.fr\/wordpress\/wp-json\/wp\/v2\/posts\/5181\/revisions"}],"predecessor-version":[{"id":5192,"href":"http:\/\/www.amaplaneteblanquefort.fr\/wordpress\/wp-json\/wp\/v2\/posts\/5181\/revisions\/5192"}],"wp:attachment":[{"href":"http:\/\/www.amaplaneteblanquefort.fr\/wordpress\/wp-json\/wp\/v2\/media?parent=5181"}],"wp:term":[{"taxonomy":"category","embeddable":true,"href":"http:\/\/www.amaplaneteblanquefort.fr\/wordpress\/wp-json\/wp\/v2\/categories?post=5181"},{"taxonomy":"post_tag","embeddable":true,"href":"http:\/\/www.amaplaneteblanquefort.fr\/wordpress\/wp-json\/wp\/v2\/tags?post=5181"}],"curies":[{"name":"wp","href":"https:\/\/api.w.org\/{rel}","templated":true}]}}