{"id":5172,"date":"2015-06-01T12:06:04","date_gmt":"2015-06-01T10:06:04","guid":{"rendered":"http:\/\/www.amaplaneteblanquefort.fr\/wordpress\/?p=5172"},"modified":"2015-06-01T12:06:04","modified_gmt":"2015-06-01T10:06:04","slug":"attention-livraison-du-jeudi-4-juin-deplacee","status":"publish","type":"post","link":"http:\/\/www.amaplaneteblanquefort.fr\/wordpress\/2015\/06\/01\/attention-livraison-du-jeudi-4-juin-deplacee\/","title":{"rendered":"ATTENTION : LIVRAISON DU JEUDI 4 JUIN D\u00c9PLAC\u00c9E"},"content":{"rendered":"<p>Comme chaque ann\u00e9e, \u00e0 l&rsquo;occasion de l\u2019\u00c9chapp\u00e9e Belle, la livraison de jeudi se fera hors de l&rsquo;enceinte de l&rsquo;ALSH, sous les tentes install\u00e9es dans le parc, \u00e0 quelques dizaines de m\u00e8tres de l\u00e0.<\/p>\n<p>A jeudi !<\/p>\n<p>La coordination g\u00e9n\u00e9rale<\/p>\n","protected":false},"excerpt":{"rendered":"<p>Comme chaque ann\u00e9e, \u00e0 l&rsquo;occasion de l\u2019\u00c9chapp\u00e9e Belle, la livraison de jeudi se fera hors de l&rsquo;enceinte de l&rsquo;ALSH, sous les tentes install\u00e9es dans le parc, \u00e0 quelques dizaines de m\u00e8tres de l\u00e0. A jeudi ! La coordination g\u00e9n\u00e9rale<\/p>\n","protected":false},"author":1,"featured_media":0,"comment_status":"open","ping_status":"open","sticky":false,"template":"","format":"standard","meta":{"footnotes":""},"categories":[30],"tags":[],"class_list":["post-5172","post","type-post","status-publish","format-standard","hentry","category-les-festivites"],"_links":{"self":[{"href":"http:\/\/www.amaplaneteblanquefort.fr\/wordpress\/wp-json\/wp\/v2\/posts\/5172","targetHints":{"allow":["GET"]}}],"collection":[{"href":"http:\/\/www.amaplaneteblanquefort.fr\/wordpress\/wp-json\/wp\/v2\/posts"}],"about":[{"href":"http:\/\/www.amaplaneteblanquefort.fr\/wordpress\/wp-json\/wp\/v2\/types\/post"}],"author":[{"embeddable":true,"href":"http:\/\/www.amaplaneteblanquefort.fr\/wordpress\/wp-json\/wp\/v2\/users\/1"}],"replies":[{"embeddable":true,"href":"http:\/\/www.amaplaneteblanquefort.fr\/wordpress\/wp-json\/wp\/v2\/comments?post=5172"}],"version-history":[{"count":1,"href":"http:\/\/www.amaplaneteblanquefort.fr\/wordpress\/wp-json\/wp\/v2\/posts\/5172\/revisions"}],"predecessor-version":[{"id":5173,"href":"http:\/\/www.amaplaneteblanquefort.fr\/wordpress\/wp-json\/wp\/v2\/posts\/5172\/revisions\/5173"}],"wp:attachment":[{"href":"http:\/\/www.amaplaneteblanquefort.fr\/wordpress\/wp-json\/wp\/v2\/media?parent=5172"}],"wp:term":[{"taxonomy":"category","embeddable":true,"href":"http:\/\/www.amaplaneteblanquefort.fr\/wordpress\/wp-json\/wp\/v2\/categories?post=5172"},{"taxonomy":"post_tag","embeddable":true,"href":"http:\/\/www.amaplaneteblanquefort.fr\/wordpress\/wp-json\/wp\/v2\/tags?post=5172"}],"curies":[{"name":"wp","href":"https:\/\/api.w.org\/{rel}","templated":true}]}}