{"id":5070,"date":"2015-05-28T16:45:28","date_gmt":"2015-05-28T14:45:28","guid":{"rendered":"http:\/\/www.amaplaneteblanquefort.fr\/wordpress\/?p=5070"},"modified":"2015-05-28T16:45:28","modified_gmt":"2015-05-28T14:45:28","slug":"asperges-je-vous-en-mets-un-peu-plus","status":"publish","type":"post","link":"http:\/\/www.amaplaneteblanquefort.fr\/wordpress\/2015\/05\/28\/asperges-je-vous-en-mets-un-peu-plus\/","title":{"rendered":"ASPERGES : Je vous en mets un peu plus ??"},"content":{"rendered":"<p>Mme HARVEY nous propose une livraison suppl\u00e9mentaire le jeudi 4 juin.<\/p>\n<p>Si \u00e7a vous int\u00e9resse, le contrat suppl\u00e9mentaire est \u00e0 t\u00e9l\u00e9charger ci-dessous.<\/p>\n<p><a href=\"http:\/\/www.amaplaneteblanquefort.fr\/wordpress\/wp-content\/uploads\/2015\/05\/contrat_supp_-asperges-2015.pdf\">contrat_supp_ asperges 2015<\/a><\/p>\n<p>A tr\u00e8s vite !<\/p>\n<p>Vos coordinatrices,<\/p>\n<p>Dany et Dominique<\/p>\n","protected":false},"excerpt":{"rendered":"<p>Mme HARVEY nous propose une livraison suppl\u00e9mentaire le jeudi 4 juin. Si \u00e7a vous int\u00e9resse, le contrat suppl\u00e9mentaire est \u00e0 t\u00e9l\u00e9charger ci-dessous. contrat_supp_ asperges 2015 A tr\u00e8s vite ! Vos coordinatrices, Dany et Dominique<\/p>\n","protected":false},"author":1,"featured_media":0,"comment_status":"open","ping_status":"open","sticky":false,"template":"","format":"standard","meta":{"footnotes":""},"categories":[36],"tags":[],"class_list":["post-5070","post","type-post","status-publish","format-standard","hentry","category-asperges"],"_links":{"self":[{"href":"http:\/\/www.amaplaneteblanquefort.fr\/wordpress\/wp-json\/wp\/v2\/posts\/5070","targetHints":{"allow":["GET"]}}],"collection":[{"href":"http:\/\/www.amaplaneteblanquefort.fr\/wordpress\/wp-json\/wp\/v2\/posts"}],"about":[{"href":"http:\/\/www.amaplaneteblanquefort.fr\/wordpress\/wp-json\/wp\/v2\/types\/post"}],"author":[{"embeddable":true,"href":"http:\/\/www.amaplaneteblanquefort.fr\/wordpress\/wp-json\/wp\/v2\/users\/1"}],"replies":[{"embeddable":true,"href":"http:\/\/www.amaplaneteblanquefort.fr\/wordpress\/wp-json\/wp\/v2\/comments?post=5070"}],"version-history":[{"count":1,"href":"http:\/\/www.amaplaneteblanquefort.fr\/wordpress\/wp-json\/wp\/v2\/posts\/5070\/revisions"}],"predecessor-version":[{"id":5072,"href":"http:\/\/www.amaplaneteblanquefort.fr\/wordpress\/wp-json\/wp\/v2\/posts\/5070\/revisions\/5072"}],"wp:attachment":[{"href":"http:\/\/www.amaplaneteblanquefort.fr\/wordpress\/wp-json\/wp\/v2\/media?parent=5070"}],"wp:term":[{"taxonomy":"category","embeddable":true,"href":"http:\/\/www.amaplaneteblanquefort.fr\/wordpress\/wp-json\/wp\/v2\/categories?post=5070"},{"taxonomy":"post_tag","embeddable":true,"href":"http:\/\/www.amaplaneteblanquefort.fr\/wordpress\/wp-json\/wp\/v2\/tags?post=5070"}],"curies":[{"name":"wp","href":"https:\/\/api.w.org\/{rel}","templated":true}]}}