{"id":4898,"date":"2015-05-22T18:35:51","date_gmt":"2015-05-22T16:35:51","guid":{"rendered":"http:\/\/www.amaplaneteblanquefort.fr\/wordpress\/?p=4898"},"modified":"2015-05-22T18:37:35","modified_gmt":"2015-05-22T16:37:35","slug":"contrat-fruits-2015","status":"publish","type":"post","link":"http:\/\/www.amaplaneteblanquefort.fr\/wordpress\/2015\/05\/22\/contrat-fruits-2015\/","title":{"rendered":"Contrat fruits 2015"},"content":{"rendered":"<p><span style=\"color: #003366\">Bonjour \u00e0 toutes et \u00e0 tous,<\/span><\/p>\n<p><span style=\"color: #003366\">La saison des fruits d&rsquo;\u00e9t\u00e9 2015 ne va pas tarder \u00e0 d\u00e9marrer.<\/span><\/p>\n<p><span style=\"color: #003366\">Nous esp\u00e9rons tous que tout va se d\u00e9rouler aussi bien que l&rsquo;ann\u00e9e pass\u00e9e.<\/span><\/p>\n<p><span style=\"color: #003366\">La premi\u00e8re livraison aura lieu le 18 Juin 2015.<\/span><\/p>\n<p><span style=\"color: #003366\">La prise des contrats se fera le 28\/05 et le 04\/06\/2015.<\/span><\/p>\n<p><span style=\"color: #ff0000\"><strong> N&rsquo;oubliez pas d&rsquo;apporter votre contrat imprim\u00e9<\/strong><\/span><\/p>\n<p><span style=\"color: #003366\">\u00a0Acc\u00e9der au nouveau<\/span> <a href=\"http:\/\/www.amaplaneteblanquefort.fr\/wordpress\/wp-content\/uploads\/2015\/05\/CNTFruits2015.pdf\">Contrat Fruits 2015<\/a><\/p>\n","protected":false},"excerpt":{"rendered":"<p>Bonjour \u00e0 toutes et \u00e0 tous, La saison des fruits d&rsquo;\u00e9t\u00e9 2015 ne va pas tarder \u00e0 d\u00e9marrer. Nous esp\u00e9rons tous que tout va se d\u00e9rouler aussi bien que l&rsquo;ann\u00e9e pass\u00e9e. La premi\u00e8re livraison aura lieu le 18 Juin 2015. La prise des contrats se fera le 28\/05 et le 04\/06\/2015. N&rsquo;oubliez pas d&rsquo;apporter votre &hellip; <a href=\"http:\/\/www.amaplaneteblanquefort.fr\/wordpress\/2015\/05\/22\/contrat-fruits-2015\/\" class=\"more-link\">Continuer la lecture de <span class=\"screen-reader-text\">Contrat fruits 2015<\/span> <span class=\"meta-nav\">&rarr;<\/span><\/a><\/p>\n","protected":false},"author":13,"featured_media":0,"comment_status":"open","ping_status":"open","sticky":false,"template":"","format":"standard","meta":{"footnotes":""},"categories":[25],"tags":[],"class_list":["post-4898","post","type-post","status-publish","format-standard","hentry","category-13-fruits"],"_links":{"self":[{"href":"http:\/\/www.amaplaneteblanquefort.fr\/wordpress\/wp-json\/wp\/v2\/posts\/4898","targetHints":{"allow":["GET"]}}],"collection":[{"href":"http:\/\/www.amaplaneteblanquefort.fr\/wordpress\/wp-json\/wp\/v2\/posts"}],"about":[{"href":"http:\/\/www.amaplaneteblanquefort.fr\/wordpress\/wp-json\/wp\/v2\/types\/post"}],"author":[{"embeddable":true,"href":"http:\/\/www.amaplaneteblanquefort.fr\/wordpress\/wp-json\/wp\/v2\/users\/13"}],"replies":[{"embeddable":true,"href":"http:\/\/www.amaplaneteblanquefort.fr\/wordpress\/wp-json\/wp\/v2\/comments?post=4898"}],"version-history":[{"count":3,"href":"http:\/\/www.amaplaneteblanquefort.fr\/wordpress\/wp-json\/wp\/v2\/posts\/4898\/revisions"}],"predecessor-version":[{"id":4905,"href":"http:\/\/www.amaplaneteblanquefort.fr\/wordpress\/wp-json\/wp\/v2\/posts\/4898\/revisions\/4905"}],"wp:attachment":[{"href":"http:\/\/www.amaplaneteblanquefort.fr\/wordpress\/wp-json\/wp\/v2\/media?parent=4898"}],"wp:term":[{"taxonomy":"category","embeddable":true,"href":"http:\/\/www.amaplaneteblanquefort.fr\/wordpress\/wp-json\/wp\/v2\/categories?post=4898"},{"taxonomy":"post_tag","embeddable":true,"href":"http:\/\/www.amaplaneteblanquefort.fr\/wordpress\/wp-json\/wp\/v2\/tags?post=4898"}],"curies":[{"name":"wp","href":"https:\/\/api.w.org\/{rel}","templated":true}]}}