{"id":4882,"date":"2015-09-13T14:56:40","date_gmt":"2015-09-13T12:56:40","guid":{"rendered":"http:\/\/www.amaplaneteblanquefort.fr\/wordpress\/?p=4882"},"modified":"2015-09-13T15:07:17","modified_gmt":"2015-09-13T13:07:17","slug":"le-contrat-miel-de-juin-a-decembre-2015","status":"publish","type":"post","link":"http:\/\/www.amaplaneteblanquefort.fr\/wordpress\/2015\/09\/13\/le-contrat-miel-de-juin-a-decembre-2015\/","title":{"rendered":"Le contrat miel de juin \u00e0 d\u00e9cembre 2015"},"content":{"rendered":"<p>Si vous ne l&rsquo;avez pas fait pour la premi\u00e8re livraison de juin, nous vous proposons de souscrire le contrat miel pour la p\u00e9riode d&rsquo;octobre \u00e0 d\u00e9cembre 2015.<\/p>\n<p>Pour ceux qui le souhaitent, vous pourrez faire un rajout \u00e0 votre contrat avec le <strong>miel Toutes Fleurs (et d&rsquo;autres..)<br \/>\n<\/strong><\/p>\n<p>Merci d&rsquo;imprimer votre contrat en cliquant sur le lien ci-dessous :<a href=\"http:\/\/www.amaplaneteblanquefort.fr\/wordpress\/wp-content\/uploads\/2015\/03\/images.jpg\"><img loading=\"lazy\" decoding=\"async\" class=\"alignright size-full wp-image-4393\" src=\"http:\/\/www.amaplaneteblanquefort.fr\/wordpress\/wp-content\/uploads\/2015\/03\/images.jpg\" alt=\"images\" width=\"276\" height=\"183\" \/><\/a><\/p>\n<p><a href=\"http:\/\/www.amaplaneteblanquefort.fr\/wordpress\/wp-content\/uploads\/2015\/05\/MIEL-contrat-2015-2e-semestre2.pdf\">MIEL-contrat-2015-2e-semestre2<\/a><\/p>\n<p style=\"text-align: left;\"><strong>La prise de contrat se fera <span style=\"text-decoration: underline;\">le jeudi 17 septembre\u00a0 et le jeudi 24 septembre <\/span><\/strong>aux heures habituelles.<\/p>\n<p style=\"text-align: left;\">La date de la prochaine livraison est fix\u00e9e au 1er octobre.<\/p>\n<p style=\"text-align: left;\">\u00a0 \u00a0 \u00a0 \u00a0 \u00a0 \u00a0 \u00a0 \u00a0 \u00a0 \u00a0 \u00a0 \u00a0 \u00a0 \u00a0 \u00a0 \u00a0 \u00a0 \u00a0 \u00a0 \u00a0 \u00a0 \u00a0 \u00a0 \u00a0 \u00a0 \u00a0 \u00a0 \u00a0 \u00a0 \u00a0 Jo\u00eblle et Sabine, vos coordinatrices<\/p>\n<p style=\"text-align: left;\">\u00a0 \u00a0 \u00a0 \u00a0 \u00a0 \u00a0 \u00a0 \u00a0 \u00a0 \u00a0 \u00a0 \u00a0 \u00a0 \u00a0 \u00a0 \u00a0 \u00a0 \u00a0 \u00a0 \u00a0 \u00a0 \u00a0 \u00a0 \u00a0 \u00a0 \u00a0 \u00a0 \u00a0 \u00a0 \u00a0 Bernard Simian, votre apiculteur.<\/p>\n<p>&nbsp;<\/p>\n<p>&nbsp;<\/p>\n","protected":false},"excerpt":{"rendered":"<p>Si vous ne l&rsquo;avez pas fait pour la premi\u00e8re livraison de juin, nous vous proposons de souscrire le contrat miel pour la p\u00e9riode d&rsquo;octobre \u00e0 d\u00e9cembre 2015. Pour ceux qui le souhaitent, vous pourrez faire un rajout \u00e0 votre contrat avec le miel Toutes Fleurs (et d&rsquo;autres..) Merci d&rsquo;imprimer votre contrat en cliquant sur le &hellip; <a href=\"http:\/\/www.amaplaneteblanquefort.fr\/wordpress\/2015\/09\/13\/le-contrat-miel-de-juin-a-decembre-2015\/\" class=\"more-link\">Continuer la lecture de <span class=\"screen-reader-text\">Le contrat miel de juin \u00e0 d\u00e9cembre 2015<\/span> <span class=\"meta-nav\">&rarr;<\/span><\/a><\/p>\n","protected":false},"author":14,"featured_media":0,"comment_status":"open","ping_status":"open","sticky":false,"template":"","format":"standard","meta":{"footnotes":""},"categories":[24],"tags":[],"class_list":["post-4882","post","type-post","status-publish","format-standard","hentry","category-12-miel"],"_links":{"self":[{"href":"http:\/\/www.amaplaneteblanquefort.fr\/wordpress\/wp-json\/wp\/v2\/posts\/4882","targetHints":{"allow":["GET"]}}],"collection":[{"href":"http:\/\/www.amaplaneteblanquefort.fr\/wordpress\/wp-json\/wp\/v2\/posts"}],"about":[{"href":"http:\/\/www.amaplaneteblanquefort.fr\/wordpress\/wp-json\/wp\/v2\/types\/post"}],"author":[{"embeddable":true,"href":"http:\/\/www.amaplaneteblanquefort.fr\/wordpress\/wp-json\/wp\/v2\/users\/14"}],"replies":[{"embeddable":true,"href":"http:\/\/www.amaplaneteblanquefort.fr\/wordpress\/wp-json\/wp\/v2\/comments?post=4882"}],"version-history":[{"count":10,"href":"http:\/\/www.amaplaneteblanquefort.fr\/wordpress\/wp-json\/wp\/v2\/posts\/4882\/revisions"}],"predecessor-version":[{"id":6174,"href":"http:\/\/www.amaplaneteblanquefort.fr\/wordpress\/wp-json\/wp\/v2\/posts\/4882\/revisions\/6174"}],"wp:attachment":[{"href":"http:\/\/www.amaplaneteblanquefort.fr\/wordpress\/wp-json\/wp\/v2\/media?parent=4882"}],"wp:term":[{"taxonomy":"category","embeddable":true,"href":"http:\/\/www.amaplaneteblanquefort.fr\/wordpress\/wp-json\/wp\/v2\/categories?post=4882"},{"taxonomy":"post_tag","embeddable":true,"href":"http:\/\/www.amaplaneteblanquefort.fr\/wordpress\/wp-json\/wp\/v2\/tags?post=4882"}],"curies":[{"name":"wp","href":"https:\/\/api.w.org\/{rel}","templated":true}]}}