{"id":4808,"date":"2015-04-27T10:20:03","date_gmt":"2015-04-27T08:20:03","guid":{"rendered":"http:\/\/www.amaplaneteblanquefort.fr\/wordpress\/?p=4808"},"modified":"2015-05-01T13:01:47","modified_gmt":"2015-05-01T11:01:47","slug":"bieres-artisanales","status":"publish","type":"post","link":"http:\/\/www.amaplaneteblanquefort.fr\/wordpress\/2015\/04\/27\/bieres-artisanales\/","title":{"rendered":"BI\u00c8RES ARTISANALES"},"content":{"rendered":"<p>Karine et Patrick VERGER vous proposent un contrat test pour les d\u00e9licieuses bi\u00e8res qu&rsquo;ils nous ont fait go\u00fbter il y a quelques semaines.<\/p>\n<p>Il vous faudra commander au moins 1 pack de 6 bouteilles dans lequel il peut y avoir jusqu&rsquo;\u00e0 3 ar\u00f4mes diff\u00e9rents.<\/p>\n<p>Cliquez ci-dessous pour obtenir le bon de commande, que nous vous remercions de bien vouloir imprimer.<\/p>\n<p><a href=\"http:\/\/www.amaplaneteblanquefort.fr\/wordpress\/wp-content\/uploads\/2015\/04\/CNTTESTBIERES.pdf\">CNTTESTBIERES<\/a><\/p>\n<p>La livraison interviendra le jeudi 21 mai.<\/p>\n<p>A jeudi !<\/p>\n<p>&nbsp;<\/p>\n","protected":false},"excerpt":{"rendered":"<p>Karine et Patrick VERGER vous proposent un contrat test pour les d\u00e9licieuses bi\u00e8res qu&rsquo;ils nous ont fait go\u00fbter il y a quelques semaines. Il vous faudra commander au moins 1 pack de 6 bouteilles dans lequel il peut y avoir jusqu&rsquo;\u00e0 3 ar\u00f4mes diff\u00e9rents. Cliquez ci-dessous pour obtenir le bon de commande, que nous vous &hellip; <a href=\"http:\/\/www.amaplaneteblanquefort.fr\/wordpress\/2015\/04\/27\/bieres-artisanales\/\" class=\"more-link\">Continuer la lecture de <span class=\"screen-reader-text\">BI\u00c8RES ARTISANALES<\/span> <span class=\"meta-nav\">&rarr;<\/span><\/a><\/p>\n","protected":false},"author":1,"featured_media":0,"comment_status":"open","ping_status":"open","sticky":false,"template":"","format":"standard","meta":{"footnotes":""},"categories":[37],"tags":[],"class_list":["post-4808","post","type-post","status-publish","format-standard","hentry","category-19-bieres-artisanales"],"_links":{"self":[{"href":"http:\/\/www.amaplaneteblanquefort.fr\/wordpress\/wp-json\/wp\/v2\/posts\/4808","targetHints":{"allow":["GET"]}}],"collection":[{"href":"http:\/\/www.amaplaneteblanquefort.fr\/wordpress\/wp-json\/wp\/v2\/posts"}],"about":[{"href":"http:\/\/www.amaplaneteblanquefort.fr\/wordpress\/wp-json\/wp\/v2\/types\/post"}],"author":[{"embeddable":true,"href":"http:\/\/www.amaplaneteblanquefort.fr\/wordpress\/wp-json\/wp\/v2\/users\/1"}],"replies":[{"embeddable":true,"href":"http:\/\/www.amaplaneteblanquefort.fr\/wordpress\/wp-json\/wp\/v2\/comments?post=4808"}],"version-history":[{"count":1,"href":"http:\/\/www.amaplaneteblanquefort.fr\/wordpress\/wp-json\/wp\/v2\/posts\/4808\/revisions"}],"predecessor-version":[{"id":4810,"href":"http:\/\/www.amaplaneteblanquefort.fr\/wordpress\/wp-json\/wp\/v2\/posts\/4808\/revisions\/4810"}],"wp:attachment":[{"href":"http:\/\/www.amaplaneteblanquefort.fr\/wordpress\/wp-json\/wp\/v2\/media?parent=4808"}],"wp:term":[{"taxonomy":"category","embeddable":true,"href":"http:\/\/www.amaplaneteblanquefort.fr\/wordpress\/wp-json\/wp\/v2\/categories?post=4808"},{"taxonomy":"post_tag","embeddable":true,"href":"http:\/\/www.amaplaneteblanquefort.fr\/wordpress\/wp-json\/wp\/v2\/tags?post=4808"}],"curies":[{"name":"wp","href":"https:\/\/api.w.org\/{rel}","templated":true}]}}