{"id":4552,"date":"2015-04-17T18:41:44","date_gmt":"2015-04-17T16:41:44","guid":{"rendered":"http:\/\/www.amaplaneteblanquefort.fr\/wordpress\/?p=4552"},"modified":"2015-04-17T18:43:11","modified_gmt":"2015-04-17T16:43:11","slug":"compte-rendu-de-reunion-producteurscoordinateurs-du-9-avril-2015","status":"publish","type":"post","link":"http:\/\/www.amaplaneteblanquefort.fr\/wordpress\/2015\/04\/17\/compte-rendu-de-reunion-producteurscoordinateurs-du-9-avril-2015\/","title":{"rendered":"Compte rendu de r\u00e9union Producteurs\/Coordinateurs du 9 avril 2015"},"content":{"rendered":"<p>Vous trouverez ci-apr\u00e8s le lien qui vous permettra d&rsquo;acc\u00e9der au compte rendu \u00e9tabli par la secr\u00e9taire du bureau, Dany Deluche. Et on peut lui rendre hommage car elle a r\u00e9ussi \u00e0 noter l&rsquo;essentiel au milieu de ces agapes fort anim\u00e9es ! Nous en profitons pour remercier les producteurs pr\u00e9sents de leur gentillesse et pour dire aux producteurs absents qu&rsquo;ils nous ont manqu\u00e9 !<\/p>\n<p>Nous vous souhaitons bonne lecture.<\/p>\n<p>La Coordination G\u00e9n\u00e9rale<\/p>\n<p><a href=\"http:\/\/www.amaplaneteblanquefort.fr\/wordpress\/wp-content\/uploads\/2015\/04\/CR-Rn-09avril2015-Producteurs-coordinateurs.pdf\">CR Rn 09avril2015-Producteurs coordinateurs<\/a><\/p>\n","protected":false},"excerpt":{"rendered":"<p>Vous trouverez ci-apr\u00e8s le lien qui vous permettra d&rsquo;acc\u00e9der au compte rendu \u00e9tabli par la secr\u00e9taire du bureau, Dany Deluche. Et on peut lui rendre hommage car elle a r\u00e9ussi \u00e0 noter l&rsquo;essentiel au milieu de ces agapes fort anim\u00e9es ! Nous en profitons pour remercier les producteurs pr\u00e9sents de leur gentillesse et pour dire &hellip; <a href=\"http:\/\/www.amaplaneteblanquefort.fr\/wordpress\/2015\/04\/17\/compte-rendu-de-reunion-producteurscoordinateurs-du-9-avril-2015\/\" class=\"more-link\">Continuer la lecture de <span class=\"screen-reader-text\">Compte rendu de r\u00e9union Producteurs\/Coordinateurs du 9 avril 2015<\/span> <span class=\"meta-nav\">&rarr;<\/span><\/a><\/p>\n","protected":false},"author":1,"featured_media":0,"comment_status":"open","ping_status":"open","sticky":false,"template":"","format":"standard","meta":{"footnotes":""},"categories":[30],"tags":[],"class_list":["post-4552","post","type-post","status-publish","format-standard","hentry","category-les-festivites"],"_links":{"self":[{"href":"http:\/\/www.amaplaneteblanquefort.fr\/wordpress\/wp-json\/wp\/v2\/posts\/4552","targetHints":{"allow":["GET"]}}],"collection":[{"href":"http:\/\/www.amaplaneteblanquefort.fr\/wordpress\/wp-json\/wp\/v2\/posts"}],"about":[{"href":"http:\/\/www.amaplaneteblanquefort.fr\/wordpress\/wp-json\/wp\/v2\/types\/post"}],"author":[{"embeddable":true,"href":"http:\/\/www.amaplaneteblanquefort.fr\/wordpress\/wp-json\/wp\/v2\/users\/1"}],"replies":[{"embeddable":true,"href":"http:\/\/www.amaplaneteblanquefort.fr\/wordpress\/wp-json\/wp\/v2\/comments?post=4552"}],"version-history":[{"count":2,"href":"http:\/\/www.amaplaneteblanquefort.fr\/wordpress\/wp-json\/wp\/v2\/posts\/4552\/revisions"}],"predecessor-version":[{"id":4555,"href":"http:\/\/www.amaplaneteblanquefort.fr\/wordpress\/wp-json\/wp\/v2\/posts\/4552\/revisions\/4555"}],"wp:attachment":[{"href":"http:\/\/www.amaplaneteblanquefort.fr\/wordpress\/wp-json\/wp\/v2\/media?parent=4552"}],"wp:term":[{"taxonomy":"category","embeddable":true,"href":"http:\/\/www.amaplaneteblanquefort.fr\/wordpress\/wp-json\/wp\/v2\/categories?post=4552"},{"taxonomy":"post_tag","embeddable":true,"href":"http:\/\/www.amaplaneteblanquefort.fr\/wordpress\/wp-json\/wp\/v2\/tags?post=4552"}],"curies":[{"name":"wp","href":"https:\/\/api.w.org\/{rel}","templated":true}]}}