{"id":4490,"date":"2015-04-14T10:03:00","date_gmt":"2015-04-14T08:03:00","guid":{"rendered":"http:\/\/www.amaplaneteblanquefort.fr\/wordpress\/?p=4490"},"modified":"2015-04-14T10:03:00","modified_gmt":"2015-04-14T08:03:00","slug":"nouvelle-prise-de-contrat-porc-bio-prochaines-dates","status":"publish","type":"post","link":"http:\/\/www.amaplaneteblanquefort.fr\/wordpress\/2015\/04\/14\/nouvelle-prise-de-contrat-porc-bio-prochaines-dates\/","title":{"rendered":"Nouvelle prise de contrat porc-bio : prochaines dates"},"content":{"rendered":"<div class=\"moz-cite-prefix\">Prise de contrat porc-bio : prochaines dates pour la prise de contrat\u00a0 le jeudi 23 avril et le jeudi 7 mai<\/div>\n<div class=\"moz-cite-prefix\">Pour ceux qui n&rsquo;ont pas pu venir le 9 avril&#8230;<\/div>\n<div class=\"moz-cite-prefix\">\n<p>A la demande de la productrice, nous proposons un contrat courant jusqu\u2019\u00e0 la fin de l\u2019ann\u00e9e avec <strong>un engagement pour 3 livraisons :<\/strong><\/p>\n<p><strong> 28 mai \u2013 10 septembre \u2013 3 d\u00e9cembre <\/strong>.<\/p>\n<p>Merci d&rsquo;apporter votre contrat rempli, accompagn\u00e9 de 3 ch\u00e8ques (chaque ch\u00e8que sera remis \u00e0 la productrice lors de la livraison correspondante)<\/p>\n<div class=\"moz-cite-prefix\"><\/div>\n<div class=\"moz-cite-prefix\"><a href=\"http:\/\/www.amaplaneteblanquefort.fr\/wordpress\/wp-content\/uploads\/2015\/03\/Cochons2.jpg\"><img loading=\"lazy\" decoding=\"async\" class=\"alignnone size-medium wp-image-4467\" src=\"http:\/\/www.amaplaneteblanquefort.fr\/wordpress\/wp-content\/uploads\/2015\/03\/Cochons2-300x225.jpg\" alt=\"Cochons2\" width=\"300\" height=\"225\" srcset=\"http:\/\/www.amaplaneteblanquefort.fr\/wordpress\/wp-content\/uploads\/2015\/03\/Cochons2-300x225.jpg 300w, http:\/\/www.amaplaneteblanquefort.fr\/wordpress\/wp-content\/uploads\/2015\/03\/Cochons2.jpg 1024w\" sizes=\"auto, (max-width: 300px) 100vw, 300px\" \/><\/a><\/div>\n<div class=\"moz-cite-prefix\">Mangeons du cochon ! Bon et bio&#8230;<\/div>\n<\/div>\n","protected":false},"excerpt":{"rendered":"<p>Prise de contrat porc-bio : prochaines dates pour la prise de contrat\u00a0 le jeudi 23 avril et le jeudi 7 mai Pour ceux qui n&rsquo;ont pas pu venir le 9 avril&#8230; A la demande de la productrice, nous proposons un contrat courant jusqu\u2019\u00e0 la fin de l\u2019ann\u00e9e avec un engagement pour 3 livraisons : 28 &hellip; <a href=\"http:\/\/www.amaplaneteblanquefort.fr\/wordpress\/2015\/04\/14\/nouvelle-prise-de-contrat-porc-bio-prochaines-dates\/\" class=\"more-link\">Continuer la lecture de <span class=\"screen-reader-text\">Nouvelle prise de contrat porc-bio : prochaines dates<\/span> <span class=\"meta-nav\">&rarr;<\/span><\/a><\/p>\n","protected":false},"author":474,"featured_media":0,"comment_status":"open","ping_status":"open","sticky":false,"template":"","format":"standard","meta":{"footnotes":""},"categories":[34],"tags":[],"class_list":["post-4490","post","type-post","status-publish","format-standard","hentry","category-16-porc-bio"],"_links":{"self":[{"href":"http:\/\/www.amaplaneteblanquefort.fr\/wordpress\/wp-json\/wp\/v2\/posts\/4490","targetHints":{"allow":["GET"]}}],"collection":[{"href":"http:\/\/www.amaplaneteblanquefort.fr\/wordpress\/wp-json\/wp\/v2\/posts"}],"about":[{"href":"http:\/\/www.amaplaneteblanquefort.fr\/wordpress\/wp-json\/wp\/v2\/types\/post"}],"author":[{"embeddable":true,"href":"http:\/\/www.amaplaneteblanquefort.fr\/wordpress\/wp-json\/wp\/v2\/users\/474"}],"replies":[{"embeddable":true,"href":"http:\/\/www.amaplaneteblanquefort.fr\/wordpress\/wp-json\/wp\/v2\/comments?post=4490"}],"version-history":[{"count":2,"href":"http:\/\/www.amaplaneteblanquefort.fr\/wordpress\/wp-json\/wp\/v2\/posts\/4490\/revisions"}],"predecessor-version":[{"id":4492,"href":"http:\/\/www.amaplaneteblanquefort.fr\/wordpress\/wp-json\/wp\/v2\/posts\/4490\/revisions\/4492"}],"wp:attachment":[{"href":"http:\/\/www.amaplaneteblanquefort.fr\/wordpress\/wp-json\/wp\/v2\/media?parent=4490"}],"wp:term":[{"taxonomy":"category","embeddable":true,"href":"http:\/\/www.amaplaneteblanquefort.fr\/wordpress\/wp-json\/wp\/v2\/categories?post=4490"},{"taxonomy":"post_tag","embeddable":true,"href":"http:\/\/www.amaplaneteblanquefort.fr\/wordpress\/wp-json\/wp\/v2\/tags?post=4490"}],"curies":[{"name":"wp","href":"https:\/\/api.w.org\/{rel}","templated":true}]}}