{"id":4351,"date":"2015-02-25T10:17:38","date_gmt":"2015-02-25T09:17:38","guid":{"rendered":"http:\/\/www.amaplaneteblanquefort.fr\/wordpress\/?p=4351"},"modified":"2015-02-25T10:57:36","modified_gmt":"2015-02-25T09:57:36","slug":"nouveau-contrat-plantes-aromatiques-printemps-2015","status":"publish","type":"post","link":"http:\/\/www.amaplaneteblanquefort.fr\/wordpress\/2015\/02\/25\/nouveau-contrat-plantes-aromatiques-printemps-2015\/","title":{"rendered":"Nouveau contrat Plantes aromatiques Printemps 2015"},"content":{"rendered":"<p>Bonjour,<\/p>\n<p>Notre Cultivateur de saveurs est toujours fid\u00e8le au poste. Il vous propose de vous <strong>livrer, les 5 mars et 30 avril<\/strong> prochains, les produits habituels, <strong>\u00e0 un prix inchang\u00e9<\/strong> !<\/p>\n<p>Cliquez sur le lien ci-apr\u00e8s pour obtenir le bon de commande, que vous pourrez me remettre <strong>ce jeudi 19 f\u00e9vrier<\/strong> (et le suivant pour les \u00e9tourdis&#8230;).<\/p>\n<p><a href=\"http:\/\/www.amaplaneteblanquefort.fr\/wordpress\/wp-content\/uploads\/2015\/02\/Bon-Cde-Plantes-Arom-Fev-2015.pdf\">Bon Cde Plantes Arom Fev 2015<\/a><\/p>\n<p>A bient\u00f4t !!<\/p>\n","protected":false},"excerpt":{"rendered":"<p>Bonjour, Notre Cultivateur de saveurs est toujours fid\u00e8le au poste. Il vous propose de vous livrer, les 5 mars et 30 avril prochains, les produits habituels, \u00e0 un prix inchang\u00e9 ! Cliquez sur le lien ci-apr\u00e8s pour obtenir le bon de commande, que vous pourrez me remettre ce jeudi 19 f\u00e9vrier (et le suivant pour &hellip; <a href=\"http:\/\/www.amaplaneteblanquefort.fr\/wordpress\/2015\/02\/25\/nouveau-contrat-plantes-aromatiques-printemps-2015\/\" class=\"more-link\">Continuer la lecture de <span class=\"screen-reader-text\">Nouveau contrat Plantes aromatiques Printemps 2015<\/span> <span class=\"meta-nav\">&rarr;<\/span><\/a><\/p>\n","protected":false},"author":1,"featured_media":0,"comment_status":"open","ping_status":"open","sticky":false,"template":"","format":"standard","meta":{"footnotes":""},"categories":[26],"tags":[],"class_list":["post-4351","post","type-post","status-publish","format-standard","hentry","category-14-plantes-aromatiques"],"_links":{"self":[{"href":"http:\/\/www.amaplaneteblanquefort.fr\/wordpress\/wp-json\/wp\/v2\/posts\/4351","targetHints":{"allow":["GET"]}}],"collection":[{"href":"http:\/\/www.amaplaneteblanquefort.fr\/wordpress\/wp-json\/wp\/v2\/posts"}],"about":[{"href":"http:\/\/www.amaplaneteblanquefort.fr\/wordpress\/wp-json\/wp\/v2\/types\/post"}],"author":[{"embeddable":true,"href":"http:\/\/www.amaplaneteblanquefort.fr\/wordpress\/wp-json\/wp\/v2\/users\/1"}],"replies":[{"embeddable":true,"href":"http:\/\/www.amaplaneteblanquefort.fr\/wordpress\/wp-json\/wp\/v2\/comments?post=4351"}],"version-history":[{"count":4,"href":"http:\/\/www.amaplaneteblanquefort.fr\/wordpress\/wp-json\/wp\/v2\/posts\/4351\/revisions"}],"predecessor-version":[{"id":4364,"href":"http:\/\/www.amaplaneteblanquefort.fr\/wordpress\/wp-json\/wp\/v2\/posts\/4351\/revisions\/4364"}],"wp:attachment":[{"href":"http:\/\/www.amaplaneteblanquefort.fr\/wordpress\/wp-json\/wp\/v2\/media?parent=4351"}],"wp:term":[{"taxonomy":"category","embeddable":true,"href":"http:\/\/www.amaplaneteblanquefort.fr\/wordpress\/wp-json\/wp\/v2\/categories?post=4351"},{"taxonomy":"post_tag","embeddable":true,"href":"http:\/\/www.amaplaneteblanquefort.fr\/wordpress\/wp-json\/wp\/v2\/tags?post=4351"}],"curies":[{"name":"wp","href":"https:\/\/api.w.org\/{rel}","templated":true}]}}