{"id":4314,"date":"2015-02-10T11:23:19","date_gmt":"2015-02-10T10:23:19","guid":{"rendered":"http:\/\/www.amaplaneteblanquefort.fr\/wordpress\/?p=4314"},"modified":"2015-02-10T11:23:19","modified_gmt":"2015-02-10T10:23:19","slug":"deplacement-chez-un-producteur-eleveur","status":"publish","type":"post","link":"http:\/\/www.amaplaneteblanquefort.fr\/wordpress\/2015\/02\/10\/deplacement-chez-un-producteur-eleveur\/","title":{"rendered":"D\u00e9placement chez un producteur \/ \u00e9leveur"},"content":{"rendered":"<p style=\"text-align: justify;\">Il nous est apparu important de nous d\u00e9placer davantage chez nos producteurs. L&rsquo;id\u00e9e est de nous y rendre au moins une fois par an et si possible deux fois. Printemps et Automne semblent int\u00e9ressants \u00e0 cet \u00e9gard mais vous \u00eates totalement libres de vous y rendre quand vous (vous et lui) le souhaitez.<\/p>\n<p style=\"text-align: justify;\">Dans l&rsquo;id\u00e9al, un ou deux coordinateurs accompagn\u00e9(s) d&rsquo;un des trois coordinateurs g\u00e9n\u00e9raux sembleraient former une bonne \u00e9quipe pour cela. Celle ou celui qui prendra son v\u00e9hicule pourra se faire rembourser ses frais de d\u00e9placements en pr\u00e9sentant le document ci-apr\u00e8s, d\u00fbment compl\u00e9t\u00e9, \u00e0 la coordination g\u00e9n\u00e9rale qui fera suivre \u00e0 la tr\u00e9sori\u00e8re.<\/p>\n<p style=\"text-align: justify;\"><a href=\"http:\/\/www.amaplaneteblanquefort.fr\/wordpress\/wp-content\/uploads\/2015\/02\/Demande-de-remboursement-visite-producteur.pdf\">Demande de remboursement visite producteur<\/a><\/p>\n<p style=\"text-align: justify;\">Nous sommes certains que nos producteurs seront sensibles \u00e0 ces d\u00e9marches. Pourquoi pas, en plus, pr\u00e9parer des journ\u00e9es portes ouvertes ?<\/p>\n<p>&nbsp;<\/p>\n","protected":false},"excerpt":{"rendered":"<p>Il nous est apparu important de nous d\u00e9placer davantage chez nos producteurs. L&rsquo;id\u00e9e est de nous y rendre au moins une fois par an et si possible deux fois. Printemps et Automne semblent int\u00e9ressants \u00e0 cet \u00e9gard mais vous \u00eates totalement libres de vous y rendre quand vous (vous et lui) le souhaitez. Dans l&rsquo;id\u00e9al, &hellip; <a href=\"http:\/\/www.amaplaneteblanquefort.fr\/wordpress\/2015\/02\/10\/deplacement-chez-un-producteur-eleveur\/\" class=\"more-link\">Continuer la lecture de <span class=\"screen-reader-text\">D\u00e9placement chez un producteur \/ \u00e9leveur<\/span> <span class=\"meta-nav\">&rarr;<\/span><\/a><\/p>\n","protected":false},"author":1,"featured_media":0,"comment_status":"open","ping_status":"open","sticky":false,"template":"","format":"standard","meta":{"footnotes":""},"categories":[33],"tags":[],"class_list":["post-4314","post","type-post","status-publish","format-standard","hentry","category-b-la-conduite-de-lassociation"],"_links":{"self":[{"href":"http:\/\/www.amaplaneteblanquefort.fr\/wordpress\/wp-json\/wp\/v2\/posts\/4314","targetHints":{"allow":["GET"]}}],"collection":[{"href":"http:\/\/www.amaplaneteblanquefort.fr\/wordpress\/wp-json\/wp\/v2\/posts"}],"about":[{"href":"http:\/\/www.amaplaneteblanquefort.fr\/wordpress\/wp-json\/wp\/v2\/types\/post"}],"author":[{"embeddable":true,"href":"http:\/\/www.amaplaneteblanquefort.fr\/wordpress\/wp-json\/wp\/v2\/users\/1"}],"replies":[{"embeddable":true,"href":"http:\/\/www.amaplaneteblanquefort.fr\/wordpress\/wp-json\/wp\/v2\/comments?post=4314"}],"version-history":[{"count":1,"href":"http:\/\/www.amaplaneteblanquefort.fr\/wordpress\/wp-json\/wp\/v2\/posts\/4314\/revisions"}],"predecessor-version":[{"id":4317,"href":"http:\/\/www.amaplaneteblanquefort.fr\/wordpress\/wp-json\/wp\/v2\/posts\/4314\/revisions\/4317"}],"wp:attachment":[{"href":"http:\/\/www.amaplaneteblanquefort.fr\/wordpress\/wp-json\/wp\/v2\/media?parent=4314"}],"wp:term":[{"taxonomy":"category","embeddable":true,"href":"http:\/\/www.amaplaneteblanquefort.fr\/wordpress\/wp-json\/wp\/v2\/categories?post=4314"},{"taxonomy":"post_tag","embeddable":true,"href":"http:\/\/www.amaplaneteblanquefort.fr\/wordpress\/wp-json\/wp\/v2\/tags?post=4314"}],"curies":[{"name":"wp","href":"https:\/\/api.w.org\/{rel}","templated":true}]}}