{"id":3961,"date":"2015-03-25T12:06:25","date_gmt":"2015-03-25T11:06:25","guid":{"rendered":"http:\/\/www.amaplaneteblanquefort.fr\/wordpress\/?p=3961"},"modified":"2015-03-25T12:47:51","modified_gmt":"2015-03-25T11:47:51","slug":"nouveau-contrat-fromage-de-chevre","status":"publish","type":"post","link":"http:\/\/www.amaplaneteblanquefort.fr\/wordpress\/2015\/03\/25\/nouveau-contrat-fromage-de-chevre\/","title":{"rendered":"Nouveau contrat fromage de ch\u00e8vre"},"content":{"rendered":"<p>Le nouveau contrat ch\u00e8vre va de mars \u00e0 juin.<\/p>\n<p>Une\u00a0 prise de contrat suppl\u00e9mentaire se fera jeudi 26 mars lors de la 1\u00e8re livraison.<\/p>\n<p>Merci de venir avec la fiche de contrat et le d\u00e9tail de commande imprim\u00e9.<\/p>\n<p>Votre coordinatrice Ghislaine Doucet<\/p>\n<p><a href=\"http:\/\/www.amaplaneteblanquefort.fr\/wordpress\/wp-content\/uploads\/2015\/01\/Fiche-Contrat-2015.pdf\">Fiche Contrat 2015<\/a><\/p>\n<p><a href=\"http:\/\/www.amaplaneteblanquefort.fr\/wordpress\/wp-content\/uploads\/2015\/01\/D\u00e9tail-commandes-2015.pdf\">D\u00e9tail commandes 2015<\/a><\/p>\n","protected":false},"excerpt":{"rendered":"<p>Le nouveau contrat ch\u00e8vre va de mars \u00e0 juin. Une\u00a0 prise de contrat suppl\u00e9mentaire se fera jeudi 26 mars lors de la 1\u00e8re livraison. Merci de venir avec la fiche de contrat et le d\u00e9tail de commande imprim\u00e9. Votre coordinatrice Ghislaine Doucet Fiche Contrat 2015 D\u00e9tail commandes 2015<\/p>\n","protected":false},"author":7,"featured_media":0,"comment_status":"open","ping_status":"open","sticky":false,"template":"","format":"standard","meta":{"footnotes":""},"categories":[23],"tags":[],"class_list":["post-3961","post","type-post","status-publish","format-standard","hentry","category-11-fromages-de-chevre"],"_links":{"self":[{"href":"http:\/\/www.amaplaneteblanquefort.fr\/wordpress\/wp-json\/wp\/v2\/posts\/3961","targetHints":{"allow":["GET"]}}],"collection":[{"href":"http:\/\/www.amaplaneteblanquefort.fr\/wordpress\/wp-json\/wp\/v2\/posts"}],"about":[{"href":"http:\/\/www.amaplaneteblanquefort.fr\/wordpress\/wp-json\/wp\/v2\/types\/post"}],"author":[{"embeddable":true,"href":"http:\/\/www.amaplaneteblanquefort.fr\/wordpress\/wp-json\/wp\/v2\/users\/7"}],"replies":[{"embeddable":true,"href":"http:\/\/www.amaplaneteblanquefort.fr\/wordpress\/wp-json\/wp\/v2\/comments?post=3961"}],"version-history":[{"count":3,"href":"http:\/\/www.amaplaneteblanquefort.fr\/wordpress\/wp-json\/wp\/v2\/posts\/3961\/revisions"}],"predecessor-version":[{"id":4452,"href":"http:\/\/www.amaplaneteblanquefort.fr\/wordpress\/wp-json\/wp\/v2\/posts\/3961\/revisions\/4452"}],"wp:attachment":[{"href":"http:\/\/www.amaplaneteblanquefort.fr\/wordpress\/wp-json\/wp\/v2\/media?parent=3961"}],"wp:term":[{"taxonomy":"category","embeddable":true,"href":"http:\/\/www.amaplaneteblanquefort.fr\/wordpress\/wp-json\/wp\/v2\/categories?post=3961"},{"taxonomy":"post_tag","embeddable":true,"href":"http:\/\/www.amaplaneteblanquefort.fr\/wordpress\/wp-json\/wp\/v2\/tags?post=3961"}],"curies":[{"name":"wp","href":"https:\/\/api.w.org\/{rel}","templated":true}]}}