{"id":3948,"date":"2015-01-18T19:17:48","date_gmt":"2015-01-18T18:17:48","guid":{"rendered":"http:\/\/www.amaplaneteblanquefort.fr\/wordpress\/?p=3948"},"modified":"2015-01-18T19:18:03","modified_gmt":"2015-01-18T18:18:03","slug":"assemblee-generale-2015-et-nouvelle-equipe","status":"publish","type":"post","link":"http:\/\/www.amaplaneteblanquefort.fr\/wordpress\/2015\/01\/18\/assemblee-generale-2015-et-nouvelle-equipe\/","title":{"rendered":"ASSEMBL\u00c9E G\u00c9N\u00c9RALE 2015 ET NOUVELLE \u00c9QUIPE"},"content":{"rendered":"<p>Le 9 janvier 2015, s&rsquo;est tenue notre Assembl\u00e9e G\u00e9n\u00e9rale annuelle. En cliquant sur le lien suivant, vous trouverez le proc\u00e8s-verbal de cette r\u00e9union.<\/p>\n<p><a href=\"http:\/\/www.amaplaneteblanquefort.fr\/wordpress\/wp-content\/uploads\/2015\/01\/PV-AG-2015.pdf\">PV AG 2015<\/a><\/p>\n<p>A l&rsquo;issue de cette assembl\u00e9e g\u00e9n\u00e9rale, le nouveau conseil coll\u00e9gial s&rsquo;est r\u00e9uni et a \u00e9lu en son sein, les personnes constituant le bureau. Le lien ci-dessous vous en donnera les d\u00e9tails.<\/p>\n<p><a href=\"http:\/\/www.amaplaneteblanquefort.fr\/wordpress\/wp-content\/uploads\/2015\/01\/CRRn-CC-9-janvier-2015.pdf\">CRRn CC 9 janvier 2015<\/a><\/p>\n<p>Merci de votre pr\u00e9sence chaleureuse, de votre participation \u00e0 l&rsquo;esprit Amap, de votre patience parfois, merci \u00e0 tous les amapiens (1 sur 3 !) qui s&rsquo;investissent dans la coordination des nombreux produits qu&rsquo;AMAPlan\u00e8te-Blanquefort propose. Longue vie \u00e0 cette convivialit\u00e9, \u00e0 ce partage, \u00e0 ce vivre ensemble.<\/p>\n<p>La Coordination G\u00e9n\u00e9rale<\/p>\n","protected":false},"excerpt":{"rendered":"<p>Le 9 janvier 2015, s&rsquo;est tenue notre Assembl\u00e9e G\u00e9n\u00e9rale annuelle. En cliquant sur le lien suivant, vous trouverez le proc\u00e8s-verbal de cette r\u00e9union. PV AG 2015 A l&rsquo;issue de cette assembl\u00e9e g\u00e9n\u00e9rale, le nouveau conseil coll\u00e9gial s&rsquo;est r\u00e9uni et a \u00e9lu en son sein, les personnes constituant le bureau. Le lien ci-dessous vous en donnera &hellip; <a href=\"http:\/\/www.amaplaneteblanquefort.fr\/wordpress\/2015\/01\/18\/assemblee-generale-2015-et-nouvelle-equipe\/\" class=\"more-link\">Continuer la lecture de <span class=\"screen-reader-text\">ASSEMBL\u00c9E G\u00c9N\u00c9RALE 2015 ET NOUVELLE \u00c9QUIPE<\/span> <span class=\"meta-nav\">&rarr;<\/span><\/a><\/p>\n","protected":false},"author":1,"featured_media":0,"comment_status":"open","ping_status":"open","sticky":false,"template":"","format":"standard","meta":{"footnotes":""},"categories":[33],"tags":[],"class_list":["post-3948","post","type-post","status-publish","format-standard","hentry","category-b-la-conduite-de-lassociation"],"_links":{"self":[{"href":"http:\/\/www.amaplaneteblanquefort.fr\/wordpress\/wp-json\/wp\/v2\/posts\/3948","targetHints":{"allow":["GET"]}}],"collection":[{"href":"http:\/\/www.amaplaneteblanquefort.fr\/wordpress\/wp-json\/wp\/v2\/posts"}],"about":[{"href":"http:\/\/www.amaplaneteblanquefort.fr\/wordpress\/wp-json\/wp\/v2\/types\/post"}],"author":[{"embeddable":true,"href":"http:\/\/www.amaplaneteblanquefort.fr\/wordpress\/wp-json\/wp\/v2\/users\/1"}],"replies":[{"embeddable":true,"href":"http:\/\/www.amaplaneteblanquefort.fr\/wordpress\/wp-json\/wp\/v2\/comments?post=3948"}],"version-history":[{"count":1,"href":"http:\/\/www.amaplaneteblanquefort.fr\/wordpress\/wp-json\/wp\/v2\/posts\/3948\/revisions"}],"predecessor-version":[{"id":3951,"href":"http:\/\/www.amaplaneteblanquefort.fr\/wordpress\/wp-json\/wp\/v2\/posts\/3948\/revisions\/3951"}],"wp:attachment":[{"href":"http:\/\/www.amaplaneteblanquefort.fr\/wordpress\/wp-json\/wp\/v2\/media?parent=3948"}],"wp:term":[{"taxonomy":"category","embeddable":true,"href":"http:\/\/www.amaplaneteblanquefort.fr\/wordpress\/wp-json\/wp\/v2\/categories?post=3948"},{"taxonomy":"post_tag","embeddable":true,"href":"http:\/\/www.amaplaneteblanquefort.fr\/wordpress\/wp-json\/wp\/v2\/tags?post=3948"}],"curies":[{"name":"wp","href":"https:\/\/api.w.org\/{rel}","templated":true}]}}