{"id":3869,"date":"2015-01-05T17:28:23","date_gmt":"2015-01-05T16:28:23","guid":{"rendered":"http:\/\/www.amaplaneteblanquefort.fr\/wordpress\/?p=3869"},"modified":"2015-06-30T16:29:56","modified_gmt":"2015-06-30T14:29:56","slug":"assemblee-generale-le-vendredi-9-janvier-2015","status":"publish","type":"post","link":"http:\/\/www.amaplaneteblanquefort.fr\/wordpress\/2015\/01\/05\/assemblee-generale-le-vendredi-9-janvier-2015\/","title":{"rendered":"ASSEMBL\u00c9E G\u00c9N\u00c9RALE le 9 janvier 2015"},"content":{"rendered":"<h4 style=\"text-align: center;\">Nous vous attendons nombreux<\/h4>\n<h4 style=\"text-align: center;\">Le Vendredi 9 janvier 2015<\/h4>\n<h4 style=\"text-align: center;\">A 18 h 30<\/h4>\n<h4 style=\"text-align: center;\">A la Maison des Services Publics de Caychac (\u00e0 c\u00f4t\u00e9 de l&rsquo;\u00e9glise)<\/h4>\n","protected":false},"excerpt":{"rendered":"<p>Nous vous attendons nombreux Le Vendredi 9 janvier 2015 A 18 h 30 A la Maison des Services Publics de Caychac (\u00e0 c\u00f4t\u00e9 de l&rsquo;\u00e9glise)<\/p>\n","protected":false},"author":1,"featured_media":0,"comment_status":"open","ping_status":"open","sticky":false,"template":"","format":"standard","meta":{"footnotes":""},"categories":[33],"tags":[],"class_list":["post-3869","post","type-post","status-publish","format-standard","hentry","category-b-la-conduite-de-lassociation"],"_links":{"self":[{"href":"http:\/\/www.amaplaneteblanquefort.fr\/wordpress\/wp-json\/wp\/v2\/posts\/3869","targetHints":{"allow":["GET"]}}],"collection":[{"href":"http:\/\/www.amaplaneteblanquefort.fr\/wordpress\/wp-json\/wp\/v2\/posts"}],"about":[{"href":"http:\/\/www.amaplaneteblanquefort.fr\/wordpress\/wp-json\/wp\/v2\/types\/post"}],"author":[{"embeddable":true,"href":"http:\/\/www.amaplaneteblanquefort.fr\/wordpress\/wp-json\/wp\/v2\/users\/1"}],"replies":[{"embeddable":true,"href":"http:\/\/www.amaplaneteblanquefort.fr\/wordpress\/wp-json\/wp\/v2\/comments?post=3869"}],"version-history":[{"count":2,"href":"http:\/\/www.amaplaneteblanquefort.fr\/wordpress\/wp-json\/wp\/v2\/posts\/3869\/revisions"}],"predecessor-version":[{"id":3871,"href":"http:\/\/www.amaplaneteblanquefort.fr\/wordpress\/wp-json\/wp\/v2\/posts\/3869\/revisions\/3871"}],"wp:attachment":[{"href":"http:\/\/www.amaplaneteblanquefort.fr\/wordpress\/wp-json\/wp\/v2\/media?parent=3869"}],"wp:term":[{"taxonomy":"category","embeddable":true,"href":"http:\/\/www.amaplaneteblanquefort.fr\/wordpress\/wp-json\/wp\/v2\/categories?post=3869"},{"taxonomy":"post_tag","embeddable":true,"href":"http:\/\/www.amaplaneteblanquefort.fr\/wordpress\/wp-json\/wp\/v2\/tags?post=3869"}],"curies":[{"name":"wp","href":"https:\/\/api.w.org\/{rel}","templated":true}]}}