{"id":3859,"date":"2015-01-04T13:24:33","date_gmt":"2015-01-04T12:24:33","guid":{"rendered":"http:\/\/www.amaplaneteblanquefort.fr\/wordpress\/?p=3859"},"modified":"2015-01-12T17:39:00","modified_gmt":"2015-01-12T16:39:00","slug":"prise-de-contrat-porc-bio-jeudi-22-janvier","status":"publish","type":"post","link":"http:\/\/www.amaplaneteblanquefort.fr\/wordpress\/2015\/01\/04\/prise-de-contrat-porc-bio-jeudi-22-janvier\/","title":{"rendered":"Prise de contrat Porc Bio jeudi 22 janvier"},"content":{"rendered":"<p>Bonjour et meilleurs voeux,<\/p>\n<p>L&rsquo;\u00e9leveur reste le m\u00eame, mais l&rsquo;\u00e9quipe des coordinateurs a chang\u00e9, Isabelle Droy et Laurent Serrus prennent la suite. Merci \u00e0 Mich\u00e8le Dixon et Catherine Mineray d&rsquo;avoir assur\u00e9 le lancement de ce nouveau produit.<\/p>\n<p>C&rsquo;est donc un 3\u00e8me contrat ponctuel que nous vous proposons pour une <strong>livraison le 5 f\u00e9vrier<\/strong>. Les produits restent les m\u00eames et pour prendre de la charcuterie, il faut prendre un minimum de 5kg de viande.<\/p>\n<p><strong>Nous prendrons vos commandes le jeudi 22 janvier<\/strong> au pr\u00e9au de Fongravey, <strong>entre 18h45 et 19h45.<\/strong><\/p>\n<p>La prochaine livraison est pr\u00e9vue le 28 mai.<\/p>\n<p>Vous trouverez le contrat sur ce blog. Cliquez sur ce lien pour imprimer votre contrat:<\/p>\n<p><a href=\"http:\/\/www.amaplaneteblanquefort.fr\/wordpress\/wp-content\/uploads\/2015\/01\/ContratPorcFev2015.pdf\">ContratPorcFev2015<\/a><\/p>\n<p>Isabelle Droy et Laurent Serrus<\/p>\n","protected":false},"excerpt":{"rendered":"<p>Bonjour et meilleurs voeux, L&rsquo;\u00e9leveur reste le m\u00eame, mais l&rsquo;\u00e9quipe des coordinateurs a chang\u00e9, Isabelle Droy et Laurent Serrus prennent la suite. Merci \u00e0 Mich\u00e8le Dixon et Catherine Mineray d&rsquo;avoir assur\u00e9 le lancement de ce nouveau produit. C&rsquo;est donc un 3\u00e8me contrat ponctuel que nous vous proposons pour une livraison le 5 f\u00e9vrier. Les produits &hellip; <a href=\"http:\/\/www.amaplaneteblanquefort.fr\/wordpress\/2015\/01\/04\/prise-de-contrat-porc-bio-jeudi-22-janvier\/\" class=\"more-link\">Continuer la lecture de <span class=\"screen-reader-text\">Prise de contrat Porc Bio jeudi 22 janvier<\/span> <span class=\"meta-nav\">&rarr;<\/span><\/a><\/p>\n","protected":false},"author":451,"featured_media":0,"comment_status":"open","ping_status":"open","sticky":false,"template":"","format":"standard","meta":{"footnotes":""},"categories":[34],"tags":[],"class_list":["post-3859","post","type-post","status-publish","format-standard","hentry","category-16-porc-bio"],"_links":{"self":[{"href":"http:\/\/www.amaplaneteblanquefort.fr\/wordpress\/wp-json\/wp\/v2\/posts\/3859","targetHints":{"allow":["GET"]}}],"collection":[{"href":"http:\/\/www.amaplaneteblanquefort.fr\/wordpress\/wp-json\/wp\/v2\/posts"}],"about":[{"href":"http:\/\/www.amaplaneteblanquefort.fr\/wordpress\/wp-json\/wp\/v2\/types\/post"}],"author":[{"embeddable":true,"href":"http:\/\/www.amaplaneteblanquefort.fr\/wordpress\/wp-json\/wp\/v2\/users\/451"}],"replies":[{"embeddable":true,"href":"http:\/\/www.amaplaneteblanquefort.fr\/wordpress\/wp-json\/wp\/v2\/comments?post=3859"}],"version-history":[{"count":3,"href":"http:\/\/www.amaplaneteblanquefort.fr\/wordpress\/wp-json\/wp\/v2\/posts\/3859\/revisions"}],"predecessor-version":[{"id":3921,"href":"http:\/\/www.amaplaneteblanquefort.fr\/wordpress\/wp-json\/wp\/v2\/posts\/3859\/revisions\/3921"}],"wp:attachment":[{"href":"http:\/\/www.amaplaneteblanquefort.fr\/wordpress\/wp-json\/wp\/v2\/media?parent=3859"}],"wp:term":[{"taxonomy":"category","embeddable":true,"href":"http:\/\/www.amaplaneteblanquefort.fr\/wordpress\/wp-json\/wp\/v2\/categories?post=3859"},{"taxonomy":"post_tag","embeddable":true,"href":"http:\/\/www.amaplaneteblanquefort.fr\/wordpress\/wp-json\/wp\/v2\/tags?post=3859"}],"curies":[{"name":"wp","href":"https:\/\/api.w.org\/{rel}","templated":true}]}}