{"id":3817,"date":"2014-12-08T11:35:01","date_gmt":"2014-12-08T10:35:01","guid":{"rendered":"http:\/\/www.amaplaneteblanquefort.fr\/wordpress\/?p=3817"},"modified":"2014-12-08T11:35:01","modified_gmt":"2014-12-08T10:35:01","slug":"plantes-aromatiques-report-de-livraison","status":"publish","type":"post","link":"http:\/\/www.amaplaneteblanquefort.fr\/wordpress\/2014\/12\/08\/plantes-aromatiques-report-de-livraison\/","title":{"rendered":"PLANTES AROMATIQUES : REPORT DE LIVRAISON !"},"content":{"rendered":"<h4>Notre cultivateur de saveurs, Beno\u00eet DIMA, rencontrant une difficult\u00e9 pour livrer, comme convenu, jeudi prochain, il vous remercie de bien vouloir noter que les produits que vous avez command\u00e9s, tant en plantes aromatiques qu&rsquo;en coffrets Cadeaux de No\u00ebl, seront livr\u00e9s<\/h4>\n<h2 style=\"text-align: center;\">le jeudi 18 d\u00e9cembre, aux horaires habituels<\/h2>\n<h4>Merci de votre compr\u00e9hension !<\/h4>\n","protected":false},"excerpt":{"rendered":"<p>Notre cultivateur de saveurs, Beno\u00eet DIMA, rencontrant une difficult\u00e9 pour livrer, comme convenu, jeudi prochain, il vous remercie de bien vouloir noter que les produits que vous avez command\u00e9s, tant en plantes aromatiques qu&rsquo;en coffrets Cadeaux de No\u00ebl, seront livr\u00e9s le jeudi 18 d\u00e9cembre, aux horaires habituels Merci de votre compr\u00e9hension !<\/p>\n","protected":false},"author":1,"featured_media":0,"comment_status":"open","ping_status":"open","sticky":false,"template":"","format":"standard","meta":{"footnotes":""},"categories":[26],"tags":[],"class_list":["post-3817","post","type-post","status-publish","format-standard","hentry","category-14-plantes-aromatiques"],"_links":{"self":[{"href":"http:\/\/www.amaplaneteblanquefort.fr\/wordpress\/wp-json\/wp\/v2\/posts\/3817","targetHints":{"allow":["GET"]}}],"collection":[{"href":"http:\/\/www.amaplaneteblanquefort.fr\/wordpress\/wp-json\/wp\/v2\/posts"}],"about":[{"href":"http:\/\/www.amaplaneteblanquefort.fr\/wordpress\/wp-json\/wp\/v2\/types\/post"}],"author":[{"embeddable":true,"href":"http:\/\/www.amaplaneteblanquefort.fr\/wordpress\/wp-json\/wp\/v2\/users\/1"}],"replies":[{"embeddable":true,"href":"http:\/\/www.amaplaneteblanquefort.fr\/wordpress\/wp-json\/wp\/v2\/comments?post=3817"}],"version-history":[{"count":1,"href":"http:\/\/www.amaplaneteblanquefort.fr\/wordpress\/wp-json\/wp\/v2\/posts\/3817\/revisions"}],"predecessor-version":[{"id":3818,"href":"http:\/\/www.amaplaneteblanquefort.fr\/wordpress\/wp-json\/wp\/v2\/posts\/3817\/revisions\/3818"}],"wp:attachment":[{"href":"http:\/\/www.amaplaneteblanquefort.fr\/wordpress\/wp-json\/wp\/v2\/media?parent=3817"}],"wp:term":[{"taxonomy":"category","embeddable":true,"href":"http:\/\/www.amaplaneteblanquefort.fr\/wordpress\/wp-json\/wp\/v2\/categories?post=3817"},{"taxonomy":"post_tag","embeddable":true,"href":"http:\/\/www.amaplaneteblanquefort.fr\/wordpress\/wp-json\/wp\/v2\/tags?post=3817"}],"curies":[{"name":"wp","href":"https:\/\/api.w.org\/{rel}","templated":true}]}}