{"id":3784,"date":"2014-11-23T18:31:23","date_gmt":"2014-11-23T17:31:23","guid":{"rendered":"http:\/\/www.amaplaneteblanquefort.fr\/wordpress\/?p=3784"},"modified":"2015-11-27T17:14:11","modified_gmt":"2015-11-27T16:14:11","slug":"contrat-de-chevre-special-noel","status":"publish","type":"post","link":"http:\/\/www.amaplaneteblanquefort.fr\/wordpress\/2014\/11\/23\/contrat-de-chevre-special-noel\/","title":{"rendered":"Contrat de ch\u00e8vre sp\u00e9cial No\u00ebl 2015"},"content":{"rendered":"<p><a href=\"http:\/\/www.amaplaneteblanquefort.fr\/wordpress\/wp-content\/uploads\/2013\/11\/Plateau-de-fromages-de-ch\u00e8vre-pour-No\u00ebl-2013.pdf.jpg\"><img loading=\"lazy\" decoding=\"async\" class=\"size-medium wp-image-2645 aligncenter\" src=\"http:\/\/www.amaplaneteblanquefort.fr\/wordpress\/wp-content\/uploads\/2013\/11\/Plateau-de-fromages-de-ch\u00e8vre-pour-No\u00ebl-2013.pdf-300x200.jpg\" alt=\"Plateau de fromages de ch\u00e8vre pour No\u00ebl 2013.pdf\" width=\"300\" height=\"200\" srcset=\"http:\/\/www.amaplaneteblanquefort.fr\/wordpress\/wp-content\/uploads\/2013\/11\/Plateau-de-fromages-de-ch\u00e8vre-pour-No\u00ebl-2013.pdf-300x200.jpg 300w, http:\/\/www.amaplaneteblanquefort.fr\/wordpress\/wp-content\/uploads\/2013\/11\/Plateau-de-fromages-de-ch\u00e8vre-pour-No\u00ebl-2013.pdf.jpg 558w\" sizes=\"auto, (max-width: 300px) 100vw, 300px\" \/><\/a><\/p>\n<p>Cette ann\u00e9e encore, Marl\u00e8ne et Arlette SERRANO, productrices de fromage de ch\u00e8vre \u00e0 Courpiac, vous proposent \u00e0 de terminer vos repas de f\u00eates avec leurs excellents plateaux de fromages. Ils figurent d\u00e9j\u00e0 sur les contrats qui vous avaient \u00e9t\u00e9 propos\u00e9s, mais il vous est possible de passer une commande compl\u00e9mentaire en pr\u00e9vision des f\u00eates.<br \/>\nVous pouvez choisir entre:\u00a0 le plateau 5 fromages (palet, b\u00fbche cendr\u00e9e, mini-ciboulette, mini Espelette, tome) ou le plateau 7\u00a0 fromages (rond frais, palet cr\u00e9meux, b\u00fbche cendr\u00e9e, crottin demi-sec, mini nature, mini ciboulette et mini piment Espelette).<\/p>\n<p>Ils vous sont tous les deux propos\u00e9s au prix de 16,50 euros.<\/p>\n<p>&nbsp;<\/p>\n","protected":false},"excerpt":{"rendered":"<p>Cette ann\u00e9e encore, Marl\u00e8ne et Arlette SERRANO, productrices de fromage de ch\u00e8vre \u00e0 Courpiac, vous proposent \u00e0 de terminer vos repas de f\u00eates avec leurs excellents plateaux de fromages. Ils figurent d\u00e9j\u00e0 sur les contrats qui vous avaient \u00e9t\u00e9 propos\u00e9s, mais il vous est possible de passer une commande compl\u00e9mentaire en pr\u00e9vision des f\u00eates. Vous &hellip; <a href=\"http:\/\/www.amaplaneteblanquefort.fr\/wordpress\/2014\/11\/23\/contrat-de-chevre-special-noel\/\" class=\"more-link\">Continuer la lecture de <span class=\"screen-reader-text\">Contrat de ch\u00e8vre sp\u00e9cial No\u00ebl 2015<\/span> <span class=\"meta-nav\">&rarr;<\/span><\/a><\/p>\n","protected":false},"author":7,"featured_media":0,"comment_status":"open","ping_status":"open","sticky":false,"template":"","format":"standard","meta":{"footnotes":""},"categories":[23],"tags":[],"class_list":["post-3784","post","type-post","status-publish","format-standard","hentry","category-11-fromages-de-chevre"],"_links":{"self":[{"href":"http:\/\/www.amaplaneteblanquefort.fr\/wordpress\/wp-json\/wp\/v2\/posts\/3784","targetHints":{"allow":["GET"]}}],"collection":[{"href":"http:\/\/www.amaplaneteblanquefort.fr\/wordpress\/wp-json\/wp\/v2\/posts"}],"about":[{"href":"http:\/\/www.amaplaneteblanquefort.fr\/wordpress\/wp-json\/wp\/v2\/types\/post"}],"author":[{"embeddable":true,"href":"http:\/\/www.amaplaneteblanquefort.fr\/wordpress\/wp-json\/wp\/v2\/users\/7"}],"replies":[{"embeddable":true,"href":"http:\/\/www.amaplaneteblanquefort.fr\/wordpress\/wp-json\/wp\/v2\/comments?post=3784"}],"version-history":[{"count":3,"href":"http:\/\/www.amaplaneteblanquefort.fr\/wordpress\/wp-json\/wp\/v2\/posts\/3784\/revisions"}],"predecessor-version":[{"id":6449,"href":"http:\/\/www.amaplaneteblanquefort.fr\/wordpress\/wp-json\/wp\/v2\/posts\/3784\/revisions\/6449"}],"wp:attachment":[{"href":"http:\/\/www.amaplaneteblanquefort.fr\/wordpress\/wp-json\/wp\/v2\/media?parent=3784"}],"wp:term":[{"taxonomy":"category","embeddable":true,"href":"http:\/\/www.amaplaneteblanquefort.fr\/wordpress\/wp-json\/wp\/v2\/categories?post=3784"},{"taxonomy":"post_tag","embeddable":true,"href":"http:\/\/www.amaplaneteblanquefort.fr\/wordpress\/wp-json\/wp\/v2\/tags?post=3784"}],"curies":[{"name":"wp","href":"https:\/\/api.w.org\/{rel}","templated":true}]}}