{"id":3744,"date":"2014-11-07T19:20:27","date_gmt":"2014-11-07T18:20:27","guid":{"rendered":"http:\/\/www.amaplaneteblanquefort.fr\/wordpress\/?p=3744"},"modified":"2014-11-07T19:20:27","modified_gmt":"2014-11-07T18:20:27","slug":"aromates-en-coffrets-cadeaux-de-noel","status":"publish","type":"post","link":"http:\/\/www.amaplaneteblanquefort.fr\/wordpress\/2014\/11\/07\/aromates-en-coffrets-cadeaux-de-noel\/","title":{"rendered":"Aromates en Coffrets Cadeaux de No\u00ebl !"},"content":{"rendered":"<p lang=\"fr-FR\" style=\"margin-bottom: 0.35cm; font-weight: normal; line-height: d%;\" align=\"JUSTIFY\">\u00a0<span style=\"font-family: Calibri,serif;\"><span style=\"font-size: medium;\"><strong>Beno\u00eet DIMA, notre Cultivateur de Saveurs, vous propose\u00a0<span style=\"font-family: Calibri,serif;\"><span style=\"font-size: medium;\">quelques coffrets<\/span><\/span> cadeaux, pour les f\u00eates de fin d\u2019ann\u00e9e !<\/strong> Ils sont compos\u00e9s d\u2019<strong>aromates<\/strong> et de <strong>vinaigres culinaires<\/strong> pour mettre en valeur votre cuisine ou pour y apporter une touche d\u2019originalit\u00e9\u00a0!<\/span><\/span><\/p>\n<p lang=\"fr-FR\" style=\"margin-bottom: 0.35cm; font-weight: normal; line-height: d%;\" align=\"JUSTIFY\"><strong>Cliquez ici pour t\u00e9l\u00e9charger le bon de commande :<\/strong> <a href=\"http:\/\/www.amaplaneteblanquefort.fr\/wordpress\/wp-content\/uploads\/2014\/11\/Coffrets-Cadeaux-No\u00ebl-2014.pdf\">Coffrets Cadeaux No\u00ebl 2014<\/a><\/p>\n<p lang=\"fr-FR\" style=\"margin-bottom: 0.35cm; font-weight: normal; line-height: d%;\" align=\"JUSTIFY\"><img loading=\"lazy\" decoding=\"async\" class=\"size-medium wp-image-3748 aligncenter\" src=\"http:\/\/www.amaplaneteblanquefort.fr\/wordpress\/wp-content\/uploads\/2014\/11\/KDO-DIMA-003-225x300.jpg\" alt=\"KDO DIMA 003\" width=\"225\" height=\"300\" srcset=\"http:\/\/www.amaplaneteblanquefort.fr\/wordpress\/wp-content\/uploads\/2014\/11\/KDO-DIMA-003-225x300.jpg 225w, http:\/\/www.amaplaneteblanquefort.fr\/wordpress\/wp-content\/uploads\/2014\/11\/KDO-DIMA-003.jpg 480w\" sizes=\"auto, (max-width: 225px) 100vw, 225px\" \/><\/p>\n<ul>\n<li>\n<p lang=\"fr-FR\" style=\"margin-bottom: 0.35cm; line-height: d%;\"><span style=\"font-family: Calibri,serif;\"><span style=\"font-size: large;\"><b>Coffret cadeau \u00ab\u00a0Voyage des Saveurs\u00a0\u00bb (15 \u20ac TTC)<\/b><\/span><\/span><\/p>\n<\/li>\n<\/ul>\n<p style=\"margin-bottom: 0.35cm; line-height: d%;\"><span style=\"font-family: Calibri,serif;\"><span style=\"font-size: small;\"><span lang=\"fr-FR\"><b>Coffret compos\u00e9 de 1 vinaigre culinaire bio et 4 aromates bio (DLUO de 2 ans) :<\/b><\/span><\/span><\/span><\/p>\n<p lang=\"fr-FR\" style=\"margin-bottom: 0.35cm; font-weight: normal; line-height: d%;\" align=\"JUSTIFY\"><span style=\"font-family: Calibri,serif;\"><span style=\"font-size: small;\">&#8211; Le \u00ab\u00a0Vinaigre au piment doux des Landes\u00a0\u00bb (bouteille de 250 ml), \u00e0 la saveur originale, s&rsquo;utilise pour d\u00e9glacer des viandes blanches, pour relever une sauce aigre douce ou tout simplement en vinaigrette !<\/span><\/span><\/p>\n<p lang=\"fr-FR\" style=\"margin-bottom: 0.35cm; font-weight: normal; line-height: d%;\" align=\"JUSTIFY\"><span style=\"font-family: Calibri,serif;\"><span style=\"font-size: small;\">&#8211; Saveurs de Provence (pot de 15g) \u00ab\u00a0sarriette \u2013 romarin \u2013 thym \u2013 marjolaine \u2013 origan \u2013 basilic\u00a0\u00bb. Pour faire chanter la garrigue dans vos assiettes, ajoutez des Saveurs de Provence \u00e0 vos grillades, ratatouilles, plats \u00e0 base de tomates. <\/span><\/span><\/p>\n<p lang=\"fr-FR\" style=\"margin-bottom: 0.35cm; font-weight: normal; line-height: d%;\" align=\"JUSTIFY\"><span style=\"font-family: Calibri,serif;\"><span style=\"font-size: small;\">&#8211; L&rsquo;Italienne (15 g) \u00ab\u00a0origan \u2013 marjolaine \u2013 basilic\u00a0\u00bb. L&rsquo;italienne accompagne les petits plats cuisin\u00e9s tels que les pizzas, les p\u00e2tes, les viandes blanches, les l\u00e9gumes &#8230; <\/span><\/span><\/p>\n<p lang=\"fr-FR\" style=\"margin-bottom: 0.35cm; font-weight: normal; line-height: d%;\" align=\"JUSTIFY\"><span style=\"font-family: Calibri,serif;\"><span style=\"font-size: small;\">&#8211; Saveurs du Liban (15 g) \u00ab\u00a0menthe douce, thym citron, calendula\u00a0\u00bb. Partez en voyage au pays du C\u00e8dre avec les Saveurs du Liban et agr\u00e9mentez vos taboul\u00e9s, concombres et l\u00e9gumes secs !<\/span><\/span><\/p>\n<p lang=\"fr-FR\" style=\"margin-bottom: 0.35cm; font-weight: normal; line-height: d%;\" align=\"JUSTIFY\"><span style=\"font-family: Calibri,serif;\"><span style=\"font-size: small;\">&#8211; Saveurs d&rsquo;Asie (15 g) \u00ab\u00a0citronnelle, coriandre, fenouil, piment de Cayenne\u00a0\u00bb. Un petit tour en Asie tr\u00e8s facile d&rsquo;utilisation sur une viande blanche, avec une julienne de l\u00e9gumes, du riz. Les plus aventureux tenteront un wok ou une fondue chinoise.<\/span><\/span><\/p>\n<p lang=\"fr-FR\" style=\"margin-bottom: 0.35cm; font-weight: normal; line-height: d%;\" align=\"JUSTIFY\"><a href=\"http:\/\/www.amaplaneteblanquefort.fr\/wordpress\/wp-content\/uploads\/2014\/11\/KDO-DIMA-CHEF.jpg\"><img loading=\"lazy\" decoding=\"async\" class=\"size-medium wp-image-3749 aligncenter\" src=\"http:\/\/www.amaplaneteblanquefort.fr\/wordpress\/wp-content\/uploads\/2014\/11\/KDO-DIMA-CHEF-225x300.jpg\" alt=\"KDO DIMA CHEF\" width=\"225\" height=\"300\" srcset=\"http:\/\/www.amaplaneteblanquefort.fr\/wordpress\/wp-content\/uploads\/2014\/11\/KDO-DIMA-CHEF-225x300.jpg 225w, http:\/\/www.amaplaneteblanquefort.fr\/wordpress\/wp-content\/uploads\/2014\/11\/KDO-DIMA-CHEF.jpg 480w\" sizes=\"auto, (max-width: 225px) 100vw, 225px\" \/><\/a><\/p>\n<ul>\n<li>\n<p lang=\"fr-FR\" style=\"margin-bottom: 0.35cm; line-height: d%;\"><span style=\"font-family: Calibri,serif;\"><span style=\"font-size: large;\"><b>Coffret cadeau \u00ab\u00a0Chef en Herbes\u00a0\u00bb (15 \u20ac TTC)<\/b><\/span><\/span><\/p>\n<\/li>\n<\/ul>\n<p style=\"margin-bottom: 0.35cm; line-height: d%;\"><span style=\"font-family: Calibri,serif;\"><span style=\"font-size: small;\"><span lang=\"fr-FR\"><b>Coffret compos\u00e9 de 2 vinaigres culinaires bio et 2 aromates bio (DLUO de 2 ans) :<\/b><\/span><\/span><\/span><\/p>\n<p lang=\"fr-FR\" style=\"margin-bottom: 0.35cm; font-weight: normal; line-height: d%;\" align=\"JUSTIFY\"><span style=\"font-family: Calibri,serif;\"><span style=\"font-size: small;\">&#8211; Le \u00ab\u00a0Vinaigre au piment doux des Landes\u00a0\u00bb (bouteille de 250 ml), \u00e0 la saveur originale, s&rsquo;utilise pour d\u00e9glacer des viandes blanches, pour relever une sauce aigre douce ou tout simplement en vinaigrette !<\/span><\/span><\/p>\n<p lang=\"fr-FR\" style=\"margin-bottom: 0.35cm; font-weight: normal; line-height: d%;\" align=\"JUSTIFY\"><span style=\"font-family: Calibri,serif;\"><span style=\"font-size: small;\">&#8211; Le \u00ab\u00a0Vinaigre \u00e0 la fleur de sureau\u00a0\u00bb (bouteille de 250 ml), La douceur du sureau s&rsquo;invite dans vos salades vertes, avec des avocats ou encore avec des hu\u00eetres pour les plus audacieux !<\/span><\/span><\/p>\n<p lang=\"fr-FR\" style=\"margin-bottom: 0.35cm; font-weight: normal; line-height: d%;\" align=\"JUSTIFY\"><span style=\"font-family: Calibri,serif;\"><span style=\"font-size: small;\">&#8211; L&rsquo;ail des ours (pot de 15g). Cette plante sauvage au go\u00fbt aill\u00e9 rel\u00e8vera \u00e0 merveille vos salades, risottos et plats mijot\u00e9s !<\/span><\/span><\/p>\n<p lang=\"fr-FR\" style=\"margin-bottom: 0.35cm; font-weight: normal; line-height: d%;\" align=\"JUSTIFY\"><span style=\"font-family: Calibri,serif;\"><span style=\"font-size: small;\">&#8211; Oh, c&rsquo;est beau ! (pot de 8g) \u00a0\u00bb persil, hysope, bleuet, calendula, tournesol\u00a0\u00bb. Quoi de mieux qu&rsquo;un m\u00e9lange de p\u00e9tales de fleurs pour la touche finale ! Cet aromate va enchanter les yeux de tous les convives.<\/span><\/span><\/p>\n<p lang=\"fr-FR\" style=\"margin-bottom: 0.35cm; font-weight: normal; line-height: d%;\" align=\"JUSTIFY\"><a href=\"http:\/\/www.amaplaneteblanquefort.fr\/wordpress\/wp-content\/uploads\/2014\/11\/KDO-DIMA-COEUR.jpg\"><img loading=\"lazy\" decoding=\"async\" class=\"size-medium wp-image-3750 aligncenter\" src=\"http:\/\/www.amaplaneteblanquefort.fr\/wordpress\/wp-content\/uploads\/2014\/11\/KDO-DIMA-COEUR-225x300.jpg\" alt=\"KDO DIMA COEUR\" width=\"225\" height=\"300\" srcset=\"http:\/\/www.amaplaneteblanquefort.fr\/wordpress\/wp-content\/uploads\/2014\/11\/KDO-DIMA-COEUR-225x300.jpg 225w, http:\/\/www.amaplaneteblanquefort.fr\/wordpress\/wp-content\/uploads\/2014\/11\/KDO-DIMA-COEUR.jpg 480w\" sizes=\"auto, (max-width: 225px) 100vw, 225px\" \/><\/a><\/p>\n<ul>\n<li>\n<p lang=\"fr-FR\" style=\"margin-bottom: 0.35cm; line-height: d%;\"><span style=\"font-family: Calibri,serif;\"><span style=\"font-size: large;\"><b>Coffret cadeau \u00ab\u00a0Les coups de C\u0153ur\u00a0\u00bb (15 \u20ac TTC)<\/b><\/span><\/span><\/p>\n<\/li>\n<\/ul>\n<p style=\"margin-bottom: 0.35cm; line-height: d%;\"><span style=\"font-family: Calibri,serif;\"><span style=\"font-size: small;\"><span lang=\"fr-FR\"><b>Coffret compos\u00e9 de 2 vinaigres culinaires bio et 2 aromates bio (DLUO de 2 ans) :<\/b><\/span><\/span><\/span><\/p>\n<p lang=\"fr-FR\" style=\"margin-bottom: 0.35cm; font-weight: normal; line-height: d%;\" align=\"JUSTIFY\"><span style=\"font-family: Calibri,serif;\"><span style=\"font-size: small;\">&#8211; Le \u00ab\u00a0Vinaigre au piment doux des Landes\u00a0\u00bb (bouteille de 250 ml), \u00e0 la saveur originale, s&rsquo;utilise pour d\u00e9glacer des viandes blanches, pour relever une sauce aigre douce ou tout simplement en vinaigrette !<\/span><\/span><\/p>\n<p lang=\"fr-FR\" style=\"margin-bottom: 0.35cm; font-weight: normal; line-height: d%;\" align=\"JUSTIFY\"><span style=\"font-family: Calibri,serif;\"><span style=\"font-size: small;\">&#8211; Le \u00ab\u00a0Vinaigre \u00e0 la fleur de sureau\u00a0\u00bb (bouteille de 250 ml), La douceur du sureau s&rsquo;invite dans vos salades vertes, avec des avocats ou encore avec des hu\u00eetres pour les plus audacieux !<\/span><\/span><\/p>\n<p lang=\"fr-FR\" style=\"margin-bottom: 0.35cm; font-weight: normal; line-height: d%;\" align=\"JUSTIFY\"><span style=\"font-family: Calibri,serif;\"><span style=\"font-size: small;\">&#8211; L&rsquo;hysope (pot de 15g) est une plante condimentaire qui rel\u00e8ve subtilement les viandes blanches grill\u00e9es, le canard, les salades ou les tartes aux fruits.<\/span><\/span><\/p>\n<p lang=\"fr-FR\" style=\"margin-bottom: 0.35cm; font-weight: normal; line-height: d%;\" align=\"JUSTIFY\"><span style=\"font-family: Calibri,serif;\"><span style=\"font-size: small;\">&#8211; Saveurs gourmande (pot de 15g) \u00ab\u00a0menthe douce, basilic citronnelle, fleurs de sureau, bleuet\u00a0\u00bb. Pour agr\u00e9menter les salades de fruits, les tartes ou encore les cr\u00e8mes br\u00fbl\u00e9es. Ce m\u00e9lange d&rsquo;aromates, sp\u00e9cialement con\u00e7u pour les desserts, est la touche d&rsquo;originalit\u00e9 incontournable !<\/span><\/span><\/p>\n<p lang=\"fr-FR\" style=\"margin-bottom: 0.35cm; font-weight: normal; line-height: d%;\" align=\"JUSTIFY\"><a href=\"http:\/\/www.amaplaneteblanquefort.fr\/wordpress\/wp-content\/uploads\/2014\/11\/KDO-DIMA-001.jpg\"><img loading=\"lazy\" decoding=\"async\" class=\"size-medium wp-image-3747 aligncenter\" src=\"http:\/\/www.amaplaneteblanquefort.fr\/wordpress\/wp-content\/uploads\/2014\/11\/KDO-DIMA-001-225x300.jpg\" alt=\"KDO DIMA 001\" width=\"225\" height=\"300\" srcset=\"http:\/\/www.amaplaneteblanquefort.fr\/wordpress\/wp-content\/uploads\/2014\/11\/KDO-DIMA-001-225x300.jpg 225w, http:\/\/www.amaplaneteblanquefort.fr\/wordpress\/wp-content\/uploads\/2014\/11\/KDO-DIMA-001.jpg 480w\" sizes=\"auto, (max-width: 225px) 100vw, 225px\" \/><\/a><\/p>\n<ul>\n<li>\n<p lang=\"fr-FR\" style=\"margin-bottom: 0.35cm; line-height: d%;\"><span style=\"font-family: Calibri,serif;\"><span style=\"font-size: large;\"><b>Coffret cadeau \u00ab\u00a0Les classiques\u00a0\u00bb<\/b><\/span><\/span><\/p>\n<\/li>\n<\/ul>\n<p style=\"margin-bottom: 0.35cm; line-height: d%;\"><span style=\"font-family: Calibri,serif;\"><span style=\"font-size: small;\"><span lang=\"fr-FR\"><b>Coffret compos\u00e9 de 2 vinaigres culinaires bio et 2 aromates bio (DLUO de 2 ans) :<\/b><\/span><\/span><\/span><\/p>\n<p lang=\"fr-FR\" style=\"margin-bottom: 0.35cm; font-weight: normal; line-height: d%;\" align=\"JUSTIFY\"><span style=\"font-family: Calibri,serif;\"><span style=\"font-size: small;\">&#8211; Le \u00ab\u00a0Vinaigre \u00e0 l&rsquo;estragon\u00a0\u00bb (bouteille de 250 ml), est id\u00e9al pour d\u00e9glacer un poulet r\u00f4ti, il sublime les poissons marin\u00e9s, il rel\u00e8ve les salades de pois chiches ; il est l&rsquo;ingr\u00e9dient incontournable pour les sauces b\u00e9arnaise et tartare !<\/span><\/span><\/p>\n<p lang=\"fr-FR\" style=\"margin-bottom: 0.35cm; font-weight: normal; line-height: d%;\" align=\"JUSTIFY\"><span style=\"font-family: Calibri,serif;\"><span style=\"font-size: small;\">&#8211; Le \u00ab\u00a0Vinaigre au basilic\u00a0\u00bb (bouteille de 250 ml), est incontournable sur les plats \u00e0 base de tomate et se marie tr\u00e8s bien en vinaigrette.<\/span><\/span><\/p>\n<p lang=\"fr-FR\" style=\"margin-bottom: 0.35cm; font-weight: normal; line-height: d%;\" align=\"JUSTIFY\"><span style=\"font-family: Calibri,serif;\"><span style=\"font-size: small;\">&#8211; Saveurs du P\u00eacheur (pot de 15g) \u00ab\u00a0estragon \u2013 thym citron \u2013 marjolaine \u2013 fenouil\u00a0\u00bb. Les Saveurs du p\u00eacheur sont incontournables pour relever vos poissons et vos crustac\u00e9s. <\/span><\/span><\/p>\n<p lang=\"fr-FR\" style=\"margin-bottom: 0.35cm; font-weight: normal; line-height: d%;\" align=\"JUSTIFY\"><span style=\"font-family: Calibri,serif;\"><span style=\"font-size: small;\">&#8211; Saveurs de Provence (pot de 15g) \u00ab\u00a0sarriette \u2013 romarin \u2013 thym \u2013 marjolaine \u2013 origan \u2013 basilic\u00a0\u00bb. Pour faire chanter la garrigue dans vos assiettes, ajoutez des Saveurs de Provence \u00e0 vos grillades, ratatouilles, plats \u00e0 base de tomates. <\/span><\/span><\/p>\n<p lang=\"fr-FR\" style=\"margin-bottom: 0.35cm; font-weight: normal; line-height: d%;\" align=\"JUSTIFY\">Ce sont des petits cadeaux qu&rsquo;il est bon d&rsquo;avoir dans son placard. A No\u00ebl ou bien dans quelques mois, vous serez contents de les avoir sous la main pour un petit cadeau surprise \u00e0 faire de fa\u00e7on impromptue !<\/p>\n","protected":false},"excerpt":{"rendered":"<p>\u00a0Beno\u00eet DIMA, notre Cultivateur de Saveurs, vous propose\u00a0quelques coffrets cadeaux, pour les f\u00eates de fin d\u2019ann\u00e9e ! Ils sont compos\u00e9s d\u2019aromates et de vinaigres culinaires pour mettre en valeur votre cuisine ou pour y apporter une touche d\u2019originalit\u00e9\u00a0! Cliquez ici pour t\u00e9l\u00e9charger le bon de commande : Coffrets Cadeaux No\u00ebl 2014 Coffret cadeau \u00ab\u00a0Voyage des &hellip; <a href=\"http:\/\/www.amaplaneteblanquefort.fr\/wordpress\/2014\/11\/07\/aromates-en-coffrets-cadeaux-de-noel\/\" class=\"more-link\">Continuer la lecture de <span class=\"screen-reader-text\">Aromates en Coffrets Cadeaux de No\u00ebl !<\/span> <span class=\"meta-nav\">&rarr;<\/span><\/a><\/p>\n","protected":false},"author":1,"featured_media":0,"comment_status":"open","ping_status":"open","sticky":false,"template":"","format":"standard","meta":{"footnotes":""},"categories":[26],"tags":[],"class_list":["post-3744","post","type-post","status-publish","format-standard","hentry","category-14-plantes-aromatiques"],"_links":{"self":[{"href":"http:\/\/www.amaplaneteblanquefort.fr\/wordpress\/wp-json\/wp\/v2\/posts\/3744","targetHints":{"allow":["GET"]}}],"collection":[{"href":"http:\/\/www.amaplaneteblanquefort.fr\/wordpress\/wp-json\/wp\/v2\/posts"}],"about":[{"href":"http:\/\/www.amaplaneteblanquefort.fr\/wordpress\/wp-json\/wp\/v2\/types\/post"}],"author":[{"embeddable":true,"href":"http:\/\/www.amaplaneteblanquefort.fr\/wordpress\/wp-json\/wp\/v2\/users\/1"}],"replies":[{"embeddable":true,"href":"http:\/\/www.amaplaneteblanquefort.fr\/wordpress\/wp-json\/wp\/v2\/comments?post=3744"}],"version-history":[{"count":8,"href":"http:\/\/www.amaplaneteblanquefort.fr\/wordpress\/wp-json\/wp\/v2\/posts\/3744\/revisions"}],"predecessor-version":[{"id":3758,"href":"http:\/\/www.amaplaneteblanquefort.fr\/wordpress\/wp-json\/wp\/v2\/posts\/3744\/revisions\/3758"}],"wp:attachment":[{"href":"http:\/\/www.amaplaneteblanquefort.fr\/wordpress\/wp-json\/wp\/v2\/media?parent=3744"}],"wp:term":[{"taxonomy":"category","embeddable":true,"href":"http:\/\/www.amaplaneteblanquefort.fr\/wordpress\/wp-json\/wp\/v2\/categories?post=3744"},{"taxonomy":"post_tag","embeddable":true,"href":"http:\/\/www.amaplaneteblanquefort.fr\/wordpress\/wp-json\/wp\/v2\/tags?post=3744"}],"curies":[{"name":"wp","href":"https:\/\/api.w.org\/{rel}","templated":true}]}}