{"id":3693,"date":"2014-10-20T21:35:17","date_gmt":"2014-10-20T19:35:17","guid":{"rendered":"http:\/\/www.amaplaneteblanquefort.fr\/wordpress\/?p=3693"},"modified":"2014-10-29T09:42:04","modified_gmt":"2014-10-29T08:42:04","slug":"contrat-pain-du-4eme-trimestre","status":"publish","type":"post","link":"http:\/\/www.amaplaneteblanquefort.fr\/wordpress\/2014\/10\/20\/contrat-pain-du-4eme-trimestre\/","title":{"rendered":"Contrat pain du 4\u00e8me trimestre"},"content":{"rendered":"<p>Jeudi ce sera la derni\u00e8re livraison de l&rsquo;actuel contrat<\/p>\n<p>vous pourrez \u00e0 cette occasion souscrire pour le prochain .<\/p>\n<p>Cl\u00e9ment a quitt\u00e9 la couveuse, et cuit son pain dans un nouveau four \u00e0 bois.<\/p>\n<p>Il n&rsquo;y a plus de possibilit\u00e9 de farine car les r\u00e9coltes ayant \u00e9t\u00e9 mauvaise, il la garde pour faire son pain.<\/p>\n<p>Comme lors du dernier contrat vous pouvez sur 2 livraisons cons\u00e9cutives changer votre commande.<\/p>\n<p><a href=\"http:\/\/www.amaplaneteblanquefort.fr\/wordpress\/wp-content\/uploads\/2014\/10\/contrat-pain-4\u00e8me-trimestret.pdf\">contrat pain 4\u00e8me trimestret<\/a><\/p>\n<p>&nbsp;<\/p>\n<p>&nbsp;<\/p>\n","protected":false},"excerpt":{"rendered":"<p>Jeudi ce sera la derni\u00e8re livraison de l&rsquo;actuel contrat vous pourrez \u00e0 cette occasion souscrire pour le prochain . Cl\u00e9ment a quitt\u00e9 la couveuse, et cuit son pain dans un nouveau four \u00e0 bois. Il n&rsquo;y a plus de possibilit\u00e9 de farine car les r\u00e9coltes ayant \u00e9t\u00e9 mauvaise, il la garde pour faire son pain. &hellip; <a href=\"http:\/\/www.amaplaneteblanquefort.fr\/wordpress\/2014\/10\/20\/contrat-pain-du-4eme-trimestre\/\" class=\"more-link\">Continuer la lecture de <span class=\"screen-reader-text\">Contrat pain du 4\u00e8me trimestre<\/span> <span class=\"meta-nav\">&rarr;<\/span><\/a><\/p>\n","protected":false},"author":7,"featured_media":0,"comment_status":"open","ping_status":"open","sticky":false,"template":"","format":"standard","meta":{"footnotes":""},"categories":[22],"tags":[],"class_list":["post-3693","post","type-post","status-publish","format-standard","hentry","category-10-volailles"],"_links":{"self":[{"href":"http:\/\/www.amaplaneteblanquefort.fr\/wordpress\/wp-json\/wp\/v2\/posts\/3693","targetHints":{"allow":["GET"]}}],"collection":[{"href":"http:\/\/www.amaplaneteblanquefort.fr\/wordpress\/wp-json\/wp\/v2\/posts"}],"about":[{"href":"http:\/\/www.amaplaneteblanquefort.fr\/wordpress\/wp-json\/wp\/v2\/types\/post"}],"author":[{"embeddable":true,"href":"http:\/\/www.amaplaneteblanquefort.fr\/wordpress\/wp-json\/wp\/v2\/users\/7"}],"replies":[{"embeddable":true,"href":"http:\/\/www.amaplaneteblanquefort.fr\/wordpress\/wp-json\/wp\/v2\/comments?post=3693"}],"version-history":[{"count":2,"href":"http:\/\/www.amaplaneteblanquefort.fr\/wordpress\/wp-json\/wp\/v2\/posts\/3693\/revisions"}],"predecessor-version":[{"id":3696,"href":"http:\/\/www.amaplaneteblanquefort.fr\/wordpress\/wp-json\/wp\/v2\/posts\/3693\/revisions\/3696"}],"wp:attachment":[{"href":"http:\/\/www.amaplaneteblanquefort.fr\/wordpress\/wp-json\/wp\/v2\/media?parent=3693"}],"wp:term":[{"taxonomy":"category","embeddable":true,"href":"http:\/\/www.amaplaneteblanquefort.fr\/wordpress\/wp-json\/wp\/v2\/categories?post=3693"},{"taxonomy":"post_tag","embeddable":true,"href":"http:\/\/www.amaplaneteblanquefort.fr\/wordpress\/wp-json\/wp\/v2\/tags?post=3693"}],"curies":[{"name":"wp","href":"https:\/\/api.w.org\/{rel}","templated":true}]}}