{"id":3625,"date":"2014-09-15T14:39:32","date_gmt":"2014-09-15T12:39:32","guid":{"rendered":"http:\/\/www.amaplaneteblanquefort.fr\/wordpress\/?p=3625"},"modified":"2014-09-16T22:34:48","modified_gmt":"2014-09-16T20:34:48","slug":"plantes-aromatiques-votre-contrat-dautomne-2014","status":"publish","type":"post","link":"http:\/\/www.amaplaneteblanquefort.fr\/wordpress\/2014\/09\/15\/plantes-aromatiques-votre-contrat-dautomne-2014\/","title":{"rendered":"PLANTES AROMATIQUES : votre contrat d&rsquo;Automne 2014"},"content":{"rendered":"<p>Bonjour \u00e0 tous,<\/p>\n<p>Voici le nouveau contrat de Plantes Aromatiques !<\/p>\n<p>Il est grandement facilit\u00e9 et vous n&rsquo;aurez qu\u2019<strong>Un seul document \u00e0 t\u00e9l\u00e9charger <\/strong>!<\/p>\n<p>Notre producteur de plantes aromatiques <span style=\"text-decoration: underline;\">adresse le message suivant aux amapiens <\/span>:<\/p>\n<p style=\"margin-bottom: 0cm;\" align=\"JUSTIFY\"><span style=\"font-family: Arial,sans-serif;\"><i><strong>\u00ab\u00a0La saison 2014 est dans l&rsquo;ensemble un bon cr\u00fb, le volume et la qualit\u00e9 de la production \u00e9taient au rendez-vous dans l&rsquo;ensemble\u00a0 Cette saison m&rsquo;a permis de proposer \u00e0 Edwige, ma salari\u00e9e, un 3\/4 temps sur ma pleine saison de production<\/strong>. <strong>Merci au Amapiens pour leur fid\u00e9lit\u00e9\u00a0!<\/strong>\u00ab\u00a0<\/i><\/span><\/p>\n<p>Pour obtenir votre contrat, cliquez sur le lien suivant :<\/p>\n<p><a href=\"http:\/\/www.amaplaneteblanquefort.fr\/wordpress\/wp-content\/uploads\/2014\/09\/AROMASEPTDEC2014.pdf\">AROMASEPTDEC2014<\/a><\/p>\n<p>Et si cela vous int\u00e9resse, le petit document suivant vous donnera l&rsquo;int\u00e9r\u00eat culinaire de chacun des produits propos\u00e9s :<\/p>\n<p><a href=\"http:\/\/www.amaplaneteblanquefort.fr\/wordpress\/wp-content\/uploads\/2014\/09\/Plantes-aromatiques-et-associations-culinaires.pdf\">Plantes aromatiques et associations culinaires<\/a><\/p>\n<p style=\"margin-bottom: 0cm;\" align=\"JUSTIFY\">La prise de contrat se fera<strong> le jeudi 18 septembre<\/strong>. Les livraisons auront lieu mi-octobre et mi-d\u00e9cembre.<\/p>\n<p style=\"margin-bottom: 0cm;\" align=\"JUSTIFY\">A jeudi !<\/p>\n<p style=\"margin-bottom: 0cm;\" align=\"JUSTIFY\">Vos coordinatrices<\/p>\n<p style=\"margin-bottom: 0cm;\" align=\"JUSTIFY\">Catherine FERRON et Dominique BRET<\/p>\n","protected":false},"excerpt":{"rendered":"<p>Bonjour \u00e0 tous, Voici le nouveau contrat de Plantes Aromatiques ! Il est grandement facilit\u00e9 et vous n&rsquo;aurez qu\u2019Un seul document \u00e0 t\u00e9l\u00e9charger ! Notre producteur de plantes aromatiques adresse le message suivant aux amapiens : \u00ab\u00a0La saison 2014 est dans l&rsquo;ensemble un bon cr\u00fb, le volume et la qualit\u00e9 de la production \u00e9taient au &hellip; <a href=\"http:\/\/www.amaplaneteblanquefort.fr\/wordpress\/2014\/09\/15\/plantes-aromatiques-votre-contrat-dautomne-2014\/\" class=\"more-link\">Continuer la lecture de <span class=\"screen-reader-text\">PLANTES AROMATIQUES : votre contrat d&rsquo;Automne 2014<\/span> <span class=\"meta-nav\">&rarr;<\/span><\/a><\/p>\n","protected":false},"author":1,"featured_media":0,"comment_status":"open","ping_status":"open","sticky":false,"template":"","format":"standard","meta":{"footnotes":""},"categories":[26],"tags":[],"class_list":["post-3625","post","type-post","status-publish","format-standard","hentry","category-14-plantes-aromatiques"],"_links":{"self":[{"href":"http:\/\/www.amaplaneteblanquefort.fr\/wordpress\/wp-json\/wp\/v2\/posts\/3625","targetHints":{"allow":["GET"]}}],"collection":[{"href":"http:\/\/www.amaplaneteblanquefort.fr\/wordpress\/wp-json\/wp\/v2\/posts"}],"about":[{"href":"http:\/\/www.amaplaneteblanquefort.fr\/wordpress\/wp-json\/wp\/v2\/types\/post"}],"author":[{"embeddable":true,"href":"http:\/\/www.amaplaneteblanquefort.fr\/wordpress\/wp-json\/wp\/v2\/users\/1"}],"replies":[{"embeddable":true,"href":"http:\/\/www.amaplaneteblanquefort.fr\/wordpress\/wp-json\/wp\/v2\/comments?post=3625"}],"version-history":[{"count":2,"href":"http:\/\/www.amaplaneteblanquefort.fr\/wordpress\/wp-json\/wp\/v2\/posts\/3625\/revisions"}],"predecessor-version":[{"id":3629,"href":"http:\/\/www.amaplaneteblanquefort.fr\/wordpress\/wp-json\/wp\/v2\/posts\/3625\/revisions\/3629"}],"wp:attachment":[{"href":"http:\/\/www.amaplaneteblanquefort.fr\/wordpress\/wp-json\/wp\/v2\/media?parent=3625"}],"wp:term":[{"taxonomy":"category","embeddable":true,"href":"http:\/\/www.amaplaneteblanquefort.fr\/wordpress\/wp-json\/wp\/v2\/categories?post=3625"},{"taxonomy":"post_tag","embeddable":true,"href":"http:\/\/www.amaplaneteblanquefort.fr\/wordpress\/wp-json\/wp\/v2\/tags?post=3625"}],"curies":[{"name":"wp","href":"https:\/\/api.w.org\/{rel}","templated":true}]}}