{"id":3521,"date":"2014-09-28T12:06:00","date_gmt":"2014-09-28T10:06:00","guid":{"rendered":"http:\/\/www.amaplaneteblanquefort.fr\/wordpress\/?p=3521"},"modified":"2014-09-28T22:45:37","modified_gmt":"2014-09-28T20:45:37","slug":"amaplanete-fait-la-fete-vendredi-10-octobre-avec-vous","status":"publish","type":"post","link":"http:\/\/www.amaplaneteblanquefort.fr\/wordpress\/2014\/09\/28\/amaplanete-fait-la-fete-vendredi-10-octobre-avec-vous\/","title":{"rendered":"Amaplan\u00e8te fait la f\u00eate avec vous vendredi 10 octobre  !!!"},"content":{"rendered":"<p><a href=\"http:\/\/www.amaplaneteblanquefort.fr\/wordpress\/wp-content\/uploads\/2014\/09\/Menu_oct2014.jpg\"><img loading=\"lazy\" decoding=\"async\" class=\"alignleft size-medium wp-image-3522\" src=\"http:\/\/www.amaplaneteblanquefort.fr\/wordpress\/wp-content\/uploads\/2014\/09\/Menu_oct2014-212x300.jpg\" alt=\"Menu_oct2014\" width=\"212\" height=\"300\" srcset=\"http:\/\/www.amaplaneteblanquefort.fr\/wordpress\/wp-content\/uploads\/2014\/09\/Menu_oct2014-212x300.jpg 212w, http:\/\/www.amaplaneteblanquefort.fr\/wordpress\/wp-content\/uploads\/2014\/09\/Menu_oct2014-726x1024.jpg 726w, http:\/\/www.amaplaneteblanquefort.fr\/wordpress\/wp-content\/uploads\/2014\/09\/Menu_oct2014.jpg 1240w\" sizes=\"auto, (max-width: 212px) 100vw, 212px\" \/><\/a><\/p>\n<p><span style=\"color: #0000ff;\"><strong>Cette soir\u00e9e nous permettra de tous se retrouver, producteurs, coordinateurs et amapiens&#8230;sans compter les amis qui vous accompagneront !<\/strong><\/span><\/p>\n<p><span style=\"color: #0000ff;\"><strong>Attention ! accueil d\u00e8s 19h et d\u00e9but de la repr\u00e9sentation \u00e0 19h30.<\/strong><\/span><\/p>\n<p><span style=\"color: #0000ff;\"><strong>Nous aurons le plaisir d&rsquo;avoir les membres de la\u00a0 troupe \u00e0 table parmi nous et pourrons \u00e9changer autour d&rsquo;un repas que, nous l&rsquo;esp\u00e9rons, vous appr\u00e9cierez !<\/strong><\/span><\/p>\n<p><span style=\"color: #0000ff;\"><strong>Jeudi 2 octobre il sera encore possible de vous inscrire<br \/>\n<\/strong><\/span><\/p>\n<p><span style=\"color: #0000ff;\"><strong>Repas adulte : 14 \u20ac, enfant &#8211; de 10 ans : 9\u20ac<\/strong><\/span><\/p>\n<p>&nbsp;<\/p>\n","protected":false},"excerpt":{"rendered":"<p>Cette soir\u00e9e nous permettra de tous se retrouver, producteurs, coordinateurs et amapiens&#8230;sans compter les amis qui vous accompagneront ! Attention ! accueil d\u00e8s 19h et d\u00e9but de la repr\u00e9sentation \u00e0 19h30. Nous aurons le plaisir d&rsquo;avoir les membres de la\u00a0 troupe \u00e0 table parmi nous et pourrons \u00e9changer autour d&rsquo;un repas que, nous l&rsquo;esp\u00e9rons, vous &hellip; <a href=\"http:\/\/www.amaplaneteblanquefort.fr\/wordpress\/2014\/09\/28\/amaplanete-fait-la-fete-vendredi-10-octobre-avec-vous\/\" class=\"more-link\">Continuer la lecture de <span class=\"screen-reader-text\">Amaplan\u00e8te fait la f\u00eate avec vous vendredi 10 octobre  !!!<\/span> <span class=\"meta-nav\">&rarr;<\/span><\/a><\/p>\n","protected":false},"author":1,"featured_media":0,"comment_status":"open","ping_status":"open","sticky":false,"template":"","format":"standard","meta":{"footnotes":""},"categories":[30],"tags":[],"class_list":["post-3521","post","type-post","status-publish","format-standard","hentry","category-les-festivites"],"_links":{"self":[{"href":"http:\/\/www.amaplaneteblanquefort.fr\/wordpress\/wp-json\/wp\/v2\/posts\/3521","targetHints":{"allow":["GET"]}}],"collection":[{"href":"http:\/\/www.amaplaneteblanquefort.fr\/wordpress\/wp-json\/wp\/v2\/posts"}],"about":[{"href":"http:\/\/www.amaplaneteblanquefort.fr\/wordpress\/wp-json\/wp\/v2\/types\/post"}],"author":[{"embeddable":true,"href":"http:\/\/www.amaplaneteblanquefort.fr\/wordpress\/wp-json\/wp\/v2\/users\/1"}],"replies":[{"embeddable":true,"href":"http:\/\/www.amaplaneteblanquefort.fr\/wordpress\/wp-json\/wp\/v2\/comments?post=3521"}],"version-history":[{"count":13,"href":"http:\/\/www.amaplaneteblanquefort.fr\/wordpress\/wp-json\/wp\/v2\/posts\/3521\/revisions"}],"predecessor-version":[{"id":3656,"href":"http:\/\/www.amaplaneteblanquefort.fr\/wordpress\/wp-json\/wp\/v2\/posts\/3521\/revisions\/3656"}],"wp:attachment":[{"href":"http:\/\/www.amaplaneteblanquefort.fr\/wordpress\/wp-json\/wp\/v2\/media?parent=3521"}],"wp:term":[{"taxonomy":"category","embeddable":true,"href":"http:\/\/www.amaplaneteblanquefort.fr\/wordpress\/wp-json\/wp\/v2\/categories?post=3521"},{"taxonomy":"post_tag","embeddable":true,"href":"http:\/\/www.amaplaneteblanquefort.fr\/wordpress\/wp-json\/wp\/v2\/tags?post=3521"}],"curies":[{"name":"wp","href":"https:\/\/api.w.org\/{rel}","templated":true}]}}