{"id":3308,"date":"2014-06-27T21:38:35","date_gmt":"2014-06-27T19:38:35","guid":{"rendered":"http:\/\/www.amaplaneteblanquefort.fr\/wordpress\/?p=3308"},"modified":"2014-06-27T21:38:35","modified_gmt":"2014-06-27T19:38:35","slug":"un-nouveau-contrat-fromages-de-chevre-pour-la-rentree","status":"publish","type":"post","link":"http:\/\/www.amaplaneteblanquefort.fr\/wordpress\/2014\/06\/27\/un-nouveau-contrat-fromages-de-chevre-pour-la-rentree\/","title":{"rendered":"Un nouveau contrat Fromages de ch\u00e8vre pour la rentr\u00e9e !"},"content":{"rendered":"<p>Bonjour \u00e0 tous !<\/p>\n<p><strong>Le jeudi 3 juillet<\/strong>, vous pourrez souscrire le prochain contrat de fromages de ch\u00e8vre \u00e9tabli sur la p\u00e9riode septembre \u00e0 janvier 2015 ! Ceux qui le souhaitent pourront \u00e9galement prendre ce contrat <strong>le jeudi 4 septembre<\/strong>. Attention ! Il n&rsquo;y en aura peut-\u00eatre pas pour tout le monde !!<\/p>\n<p>Ci-apr\u00e8s, le lien pour imprimer votre contrat :<\/p>\n<p><a href=\"http:\/\/www.amaplaneteblanquefort.fr\/wordpress\/wp-content\/uploads\/2014\/06\/Contchevre-sept-janv-2015.pdf\">Contchevre sept &#8211; janv 2015<\/a><\/p>\n<p>A tr\u00e8s bient\u00f4t donc !<\/p>\n<p>Vos coordinatrices, Sylvie CESARD et Ghislaine DOUCET<\/p>\n<p>&nbsp;<\/p>\n","protected":false},"excerpt":{"rendered":"<p>Bonjour \u00e0 tous ! Le jeudi 3 juillet, vous pourrez souscrire le prochain contrat de fromages de ch\u00e8vre \u00e9tabli sur la p\u00e9riode septembre \u00e0 janvier 2015 ! Ceux qui le souhaitent pourront \u00e9galement prendre ce contrat le jeudi 4 septembre. Attention ! Il n&rsquo;y en aura peut-\u00eatre pas pour tout le monde !! Ci-apr\u00e8s, le &hellip; <a href=\"http:\/\/www.amaplaneteblanquefort.fr\/wordpress\/2014\/06\/27\/un-nouveau-contrat-fromages-de-chevre-pour-la-rentree\/\" class=\"more-link\">Continuer la lecture de <span class=\"screen-reader-text\">Un nouveau contrat Fromages de ch\u00e8vre pour la rentr\u00e9e !<\/span> <span class=\"meta-nav\">&rarr;<\/span><\/a><\/p>\n","protected":false},"author":1,"featured_media":0,"comment_status":"open","ping_status":"open","sticky":false,"template":"","format":"standard","meta":{"footnotes":""},"categories":[23],"tags":[],"class_list":["post-3308","post","type-post","status-publish","format-standard","hentry","category-11-fromages-de-chevre"],"_links":{"self":[{"href":"http:\/\/www.amaplaneteblanquefort.fr\/wordpress\/wp-json\/wp\/v2\/posts\/3308","targetHints":{"allow":["GET"]}}],"collection":[{"href":"http:\/\/www.amaplaneteblanquefort.fr\/wordpress\/wp-json\/wp\/v2\/posts"}],"about":[{"href":"http:\/\/www.amaplaneteblanquefort.fr\/wordpress\/wp-json\/wp\/v2\/types\/post"}],"author":[{"embeddable":true,"href":"http:\/\/www.amaplaneteblanquefort.fr\/wordpress\/wp-json\/wp\/v2\/users\/1"}],"replies":[{"embeddable":true,"href":"http:\/\/www.amaplaneteblanquefort.fr\/wordpress\/wp-json\/wp\/v2\/comments?post=3308"}],"version-history":[{"count":1,"href":"http:\/\/www.amaplaneteblanquefort.fr\/wordpress\/wp-json\/wp\/v2\/posts\/3308\/revisions"}],"predecessor-version":[{"id":3310,"href":"http:\/\/www.amaplaneteblanquefort.fr\/wordpress\/wp-json\/wp\/v2\/posts\/3308\/revisions\/3310"}],"wp:attachment":[{"href":"http:\/\/www.amaplaneteblanquefort.fr\/wordpress\/wp-json\/wp\/v2\/media?parent=3308"}],"wp:term":[{"taxonomy":"category","embeddable":true,"href":"http:\/\/www.amaplaneteblanquefort.fr\/wordpress\/wp-json\/wp\/v2\/categories?post=3308"},{"taxonomy":"post_tag","embeddable":true,"href":"http:\/\/www.amaplaneteblanquefort.fr\/wordpress\/wp-json\/wp\/v2\/tags?post=3308"}],"curies":[{"name":"wp","href":"https:\/\/api.w.org\/{rel}","templated":true}]}}