{"id":3185,"date":"2014-05-17T18:20:07","date_gmt":"2014-05-17T16:20:07","guid":{"rendered":"http:\/\/www.amaplaneteblanquefort.fr\/wordpress\/?p=3185"},"modified":"2014-05-20T11:45:38","modified_gmt":"2014-05-20T09:45:38","slug":"contrat-fruits-de-saison","status":"publish","type":"post","link":"http:\/\/www.amaplaneteblanquefort.fr\/wordpress\/2014\/05\/17\/contrat-fruits-de-saison\/","title":{"rendered":"Contrat fruits de saison"},"content":{"rendered":"<p>Bonjour \u00e0 toutes et \u00e0 tous,<\/p>\n<p>Nous revenons vers vous pour cette nouvelle saison 2014 avec des conditions bien meilleures que 2013.<\/p>\n<ul>\n<li><span style=\"font-family: Symbol\"><span>\u00b7<span style=\"font: 7.0pt 'Times New Roman'\">\u00a0\u00a0\u00a0\u00a0\u00a0\u00a0\u00a0\u00a0 <\/span><\/span><\/span>La r\u00e9colte 2014 de raisin de Gabriel sera certifi\u00e9e en Agriculture Biologique.<\/li>\n<li><span style=\"font-family: Symbol\"><span>\u00b7<span style=\"font: 7.0pt 'Times New Roman'\">\u00a0\u00a0\u00a0\u00a0\u00a0\u00a0\u00a0\u00a0 <\/span><\/span><\/span>Pour Alain, en plus d\u2019une protection raisonn\u00e9e, il utilise maintenant certaines formulations homologu\u00e9es en AB pour les cerises, abricots et prunes.<\/li>\n<\/ul>\n<p>Ils pensent r\u00e9colter les premi\u00e8res p\u00eaches et abricots vers le 10 juin et ils feront tr\u00e8s certainement un contrat cerise \u00e0 part.<\/p>\n<p>La prise de contrat aura lieu les 05 et 12 Juin 2014.<\/p>\n<p style=\"text-align: center\">Acc\u00e9der au\u00a0<a href=\"http:\/\/www.amaplaneteblanquefort.fr\/wordpress\/wp-content\/uploads\/2014\/05\/CNTFruits2014.pdf\">contrat<\/a><\/p>\n<p align=\"LEFT\"><span style=\"color: #ff3333\"><b>MERCI D\u2019APPORTER VOTRE CONTRAT IMPRIM\u00c9\u00a0!<\/b><\/span><\/p>\n","protected":false},"excerpt":{"rendered":"<p>Bonjour \u00e0 toutes et \u00e0 tous, Nous revenons vers vous pour cette nouvelle saison 2014 avec des conditions bien meilleures que 2013. \u00b7\u00a0\u00a0\u00a0\u00a0\u00a0\u00a0\u00a0\u00a0 La r\u00e9colte 2014 de raisin de Gabriel sera certifi\u00e9e en Agriculture Biologique. \u00b7\u00a0\u00a0\u00a0\u00a0\u00a0\u00a0\u00a0\u00a0 Pour Alain, en plus d\u2019une protection raisonn\u00e9e, il utilise maintenant certaines formulations homologu\u00e9es en AB pour les cerises, abricots &hellip; <a href=\"http:\/\/www.amaplaneteblanquefort.fr\/wordpress\/2014\/05\/17\/contrat-fruits-de-saison\/\" class=\"more-link\">Continuer la lecture de <span class=\"screen-reader-text\">Contrat fruits de saison<\/span> <span class=\"meta-nav\">&rarr;<\/span><\/a><\/p>\n","protected":false},"author":13,"featured_media":0,"comment_status":"open","ping_status":"open","sticky":false,"template":"","format":"standard","meta":{"footnotes":""},"categories":[25],"tags":[],"class_list":["post-3185","post","type-post","status-publish","format-standard","hentry","category-13-fruits"],"_links":{"self":[{"href":"http:\/\/www.amaplaneteblanquefort.fr\/wordpress\/wp-json\/wp\/v2\/posts\/3185","targetHints":{"allow":["GET"]}}],"collection":[{"href":"http:\/\/www.amaplaneteblanquefort.fr\/wordpress\/wp-json\/wp\/v2\/posts"}],"about":[{"href":"http:\/\/www.amaplaneteblanquefort.fr\/wordpress\/wp-json\/wp\/v2\/types\/post"}],"author":[{"embeddable":true,"href":"http:\/\/www.amaplaneteblanquefort.fr\/wordpress\/wp-json\/wp\/v2\/users\/13"}],"replies":[{"embeddable":true,"href":"http:\/\/www.amaplaneteblanquefort.fr\/wordpress\/wp-json\/wp\/v2\/comments?post=3185"}],"version-history":[{"count":11,"href":"http:\/\/www.amaplaneteblanquefort.fr\/wordpress\/wp-json\/wp\/v2\/posts\/3185\/revisions"}],"predecessor-version":[{"id":3212,"href":"http:\/\/www.amaplaneteblanquefort.fr\/wordpress\/wp-json\/wp\/v2\/posts\/3185\/revisions\/3212"}],"wp:attachment":[{"href":"http:\/\/www.amaplaneteblanquefort.fr\/wordpress\/wp-json\/wp\/v2\/media?parent=3185"}],"wp:term":[{"taxonomy":"category","embeddable":true,"href":"http:\/\/www.amaplaneteblanquefort.fr\/wordpress\/wp-json\/wp\/v2\/categories?post=3185"},{"taxonomy":"post_tag","embeddable":true,"href":"http:\/\/www.amaplaneteblanquefort.fr\/wordpress\/wp-json\/wp\/v2\/tags?post=3185"}],"curies":[{"name":"wp","href":"https:\/\/api.w.org\/{rel}","templated":true}]}}