{"id":3178,"date":"2014-05-15T18:10:57","date_gmt":"2014-05-15T16:10:57","guid":{"rendered":"http:\/\/www.amaplaneteblanquefort.fr\/wordpress\/?p=3178"},"modified":"2014-05-15T21:49:19","modified_gmt":"2014-05-15T19:49:19","slug":"fruits-dete-2014-2","status":"publish","type":"post","link":"http:\/\/www.amaplaneteblanquefort.fr\/wordpress\/2014\/05\/15\/fruits-dete-2014-2\/","title":{"rendered":"FRUITS D&rsquo;ETE 2014"},"content":{"rendered":"<p>&nbsp;<\/p>\n<h4 align=\"CENTER\">Bonjour \u00e0 toutes et \u00e0 tous<\/h4>\n<p align=\"CENTER\">La saison 2014 va bient\u00f4t d\u00e9marrer<\/p>\n<p align=\"CENTER\">Un petit mot de nos producteurs<\/p>\n<p align=\"CENTER\"><span style=\"font-size: medium;\"><b>Saison 2014 \u2013 Rassurez vous, on revient sur des bases plus sereines\u00a0!<\/b><\/span><\/p>\n<p>&nbsp;<\/p>\n<p align=\"JUSTIFY\">Les saints de glace du mois de mai ne sont pas encore pass\u00e9s mais la tendance 2014 semble de meilleure augure que 2013. Pour le moment, nous voyons des arbres avec des fruits\u00a0! C\u2019est-\u00e0-dire une r\u00e9colte non pas exceptionnelle mais conforme \u00e0 nos esp\u00e9rances.<\/p>\n<p align=\"JUSTIFY\">En effet le printemps 2013 nous avait r\u00e9serv\u00e9 quelques mauvaises surprises et avait provoqu\u00e9 la perte de r\u00e9colte quasi-totale sur certaines vari\u00e9t\u00e9s. Cela avait eu comme r\u00e9percussion une diminution du poids du panier de 4 \u00e0 3 kg en moyenne pour continuer \u00e0 honorer toutes les demandes de contrats.<\/p>\n<p align=\"JUSTIFY\">Nous vous remercions de votre compr\u00e9hension et de votre soutien car 2013 \u00e0 \u00e9t\u00e9 difficile \u00e0 g\u00e9rer pour nous. Nous ne savons pas encore ce que nous r\u00e9serve la saison 2014 mais nous sommes plus confiants et nous revenons vers vous pour vous faire partager notre optimisme 2014.<\/p>\n<p align=\"JUSTIFY\">Par cons\u00e9quent, nous pensons revenir \u00e0 un panier moyen de 4 kg pour 12 \u20ac et proposer une 2<sup>\u00e8me<\/sup> possibilit\u00e9 \u00e0 2.5 kg pour 8 \u20ac, pour r\u00e9pondre \u00e0 la demande de certaines personnes, si vos coordinateurs y sont favorables.<\/p>\n<p align=\"JUSTIFY\">Ainsi le prix moyen du kg de fruit 2014 sera moins cher qu\u2019en 2013, afin de vous remercier de votre fid\u00e9lit\u00e9.<\/p>\n<p align=\"JUSTIFY\">Nous sommes \u00e9galement dans de meilleures conditions pour vous proposer une journ\u00e9e portes ouvertes et pique-nique comme nous l\u2019avons d\u00e9j\u00e0 fait en 2011 et 2012.<\/p>\n<p align=\"CENTER\"><b>Cette journ\u00e9e aura lieu le\u00a09 Juin.<\/b><\/p>\n<p align=\"JUSTIFY\">Nous serons fiers de vous faire visiter nos vergers redevenus plus pr\u00e9sentables et plus color\u00e9s.<\/p>\n<p align=\"JUSTIFY\">Nous esp\u00e9rons vous compter nombreux \u00e0 cette journ\u00e9e d\u2019\u00e9changes et de convivialit\u00e9 pour cueillir et go\u00fbter les premiers fruits de la saison.<\/p>\n<p align=\"JUSTIFY\">Soyez certains que notre souci est d\u2019honorer vos contrats, au mieux de nos comp\u00e9tences et des conditions dont nous disposons, afin de vous apporter la meilleure qualit\u00e9 possible de nos fruits.<\/p>\n","protected":false},"excerpt":{"rendered":"<p>&nbsp; Bonjour \u00e0 toutes et \u00e0 tous La saison 2014 va bient\u00f4t d\u00e9marrer Un petit mot de nos producteurs Saison 2014 \u2013 Rassurez vous, on revient sur des bases plus sereines\u00a0! &nbsp; Les saints de glace du mois de mai ne sont pas encore pass\u00e9s mais la tendance 2014 semble de meilleure augure que 2013. &hellip; <a href=\"http:\/\/www.amaplaneteblanquefort.fr\/wordpress\/2014\/05\/15\/fruits-dete-2014-2\/\" class=\"more-link\">Continuer la lecture de <span class=\"screen-reader-text\">FRUITS D&rsquo;ETE 2014<\/span> <span class=\"meta-nav\">&rarr;<\/span><\/a><\/p>\n","protected":false},"author":13,"featured_media":0,"comment_status":"open","ping_status":"open","sticky":false,"template":"","format":"standard","meta":{"footnotes":""},"categories":[25],"tags":[],"class_list":["post-3178","post","type-post","status-publish","format-standard","hentry","category-13-fruits"],"_links":{"self":[{"href":"http:\/\/www.amaplaneteblanquefort.fr\/wordpress\/wp-json\/wp\/v2\/posts\/3178","targetHints":{"allow":["GET"]}}],"collection":[{"href":"http:\/\/www.amaplaneteblanquefort.fr\/wordpress\/wp-json\/wp\/v2\/posts"}],"about":[{"href":"http:\/\/www.amaplaneteblanquefort.fr\/wordpress\/wp-json\/wp\/v2\/types\/post"}],"author":[{"embeddable":true,"href":"http:\/\/www.amaplaneteblanquefort.fr\/wordpress\/wp-json\/wp\/v2\/users\/13"}],"replies":[{"embeddable":true,"href":"http:\/\/www.amaplaneteblanquefort.fr\/wordpress\/wp-json\/wp\/v2\/comments?post=3178"}],"version-history":[{"count":5,"href":"http:\/\/www.amaplaneteblanquefort.fr\/wordpress\/wp-json\/wp\/v2\/posts\/3178\/revisions"}],"predecessor-version":[{"id":3183,"href":"http:\/\/www.amaplaneteblanquefort.fr\/wordpress\/wp-json\/wp\/v2\/posts\/3178\/revisions\/3183"}],"wp:attachment":[{"href":"http:\/\/www.amaplaneteblanquefort.fr\/wordpress\/wp-json\/wp\/v2\/media?parent=3178"}],"wp:term":[{"taxonomy":"category","embeddable":true,"href":"http:\/\/www.amaplaneteblanquefort.fr\/wordpress\/wp-json\/wp\/v2\/categories?post=3178"},{"taxonomy":"post_tag","embeddable":true,"href":"http:\/\/www.amaplaneteblanquefort.fr\/wordpress\/wp-json\/wp\/v2\/tags?post=3178"}],"curies":[{"name":"wp","href":"https:\/\/api.w.org\/{rel}","templated":true}]}}