{"id":3167,"date":"2014-05-12T14:34:32","date_gmt":"2014-05-12T12:34:32","guid":{"rendered":"http:\/\/www.amaplaneteblanquefort.fr\/wordpress\/?p=3167"},"modified":"2014-05-12T14:34:32","modified_gmt":"2014-05-12T12:34:32","slug":"livraison-de-plantes-aromatiques-2","status":"publish","type":"post","link":"http:\/\/www.amaplaneteblanquefort.fr\/wordpress\/2014\/05\/12\/livraison-de-plantes-aromatiques-2\/","title":{"rendered":"Livraison de plantes aromatiques"},"content":{"rendered":"<p>N&rsquo;oubliez pas votre derni\u00e8re livraison de plantes aromatiques avant l&rsquo;\u00e9t\u00e9 !<\/p>\n<p>Ceux d&rsquo;entre vous qui ont command\u00e9 des petits plants pourront les planter et les voir prosp\u00e9rer, \u00e0 la grande joie des enfants. Et au grand r\u00e9gal des gourmets de la maisonn\u00e9e !<\/p>\n<p>Au jeudi 15 mai, donc !<\/p>\n","protected":false},"excerpt":{"rendered":"<p>N&rsquo;oubliez pas votre derni\u00e8re livraison de plantes aromatiques avant l&rsquo;\u00e9t\u00e9 ! Ceux d&rsquo;entre vous qui ont command\u00e9 des petits plants pourront les planter et les voir prosp\u00e9rer, \u00e0 la grande joie des enfants. Et au grand r\u00e9gal des gourmets de la maisonn\u00e9e ! Au jeudi 15 mai, donc !<\/p>\n","protected":false},"author":1,"featured_media":0,"comment_status":"open","ping_status":"open","sticky":false,"template":"","format":"standard","meta":{"footnotes":""},"categories":[26],"tags":[],"class_list":["post-3167","post","type-post","status-publish","format-standard","hentry","category-14-plantes-aromatiques"],"_links":{"self":[{"href":"http:\/\/www.amaplaneteblanquefort.fr\/wordpress\/wp-json\/wp\/v2\/posts\/3167","targetHints":{"allow":["GET"]}}],"collection":[{"href":"http:\/\/www.amaplaneteblanquefort.fr\/wordpress\/wp-json\/wp\/v2\/posts"}],"about":[{"href":"http:\/\/www.amaplaneteblanquefort.fr\/wordpress\/wp-json\/wp\/v2\/types\/post"}],"author":[{"embeddable":true,"href":"http:\/\/www.amaplaneteblanquefort.fr\/wordpress\/wp-json\/wp\/v2\/users\/1"}],"replies":[{"embeddable":true,"href":"http:\/\/www.amaplaneteblanquefort.fr\/wordpress\/wp-json\/wp\/v2\/comments?post=3167"}],"version-history":[{"count":1,"href":"http:\/\/www.amaplaneteblanquefort.fr\/wordpress\/wp-json\/wp\/v2\/posts\/3167\/revisions"}],"predecessor-version":[{"id":3168,"href":"http:\/\/www.amaplaneteblanquefort.fr\/wordpress\/wp-json\/wp\/v2\/posts\/3167\/revisions\/3168"}],"wp:attachment":[{"href":"http:\/\/www.amaplaneteblanquefort.fr\/wordpress\/wp-json\/wp\/v2\/media?parent=3167"}],"wp:term":[{"taxonomy":"category","embeddable":true,"href":"http:\/\/www.amaplaneteblanquefort.fr\/wordpress\/wp-json\/wp\/v2\/categories?post=3167"},{"taxonomy":"post_tag","embeddable":true,"href":"http:\/\/www.amaplaneteblanquefort.fr\/wordpress\/wp-json\/wp\/v2\/tags?post=3167"}],"curies":[{"name":"wp","href":"https:\/\/api.w.org\/{rel}","templated":true}]}}