{"id":3157,"date":"2014-05-11T22:28:46","date_gmt":"2014-05-11T20:28:46","guid":{"rendered":"http:\/\/www.amaplaneteblanquefort.fr\/wordpress\/?p=3157"},"modified":"2014-05-11T22:30:20","modified_gmt":"2014-05-11T20:30:20","slug":"pour-offrir-les-paniers-2-pots-de-miel-et-2-savons","status":"publish","type":"post","link":"http:\/\/www.amaplaneteblanquefort.fr\/wordpress\/2014\/05\/11\/pour-offrir-les-paniers-2-pots-de-miel-et-2-savons\/","title":{"rendered":"Pour offrir : les paniers 2 pots de miel et 2 savons"},"content":{"rendered":"<p><a href=\"http:\/\/www.amaplaneteblanquefort.fr\/wordpress\/wp-content\/uploads\/2013\/11\/panier-miel.jpg\"><img loading=\"lazy\" decoding=\"async\" class=\"alignleft size-medium wp-image-2591\" alt=\"panier miels et savons\" src=\"http:\/\/www.amaplaneteblanquefort.fr\/wordpress\/wp-content\/uploads\/2013\/11\/panier-miel-300x200.jpg\" width=\"300\" height=\"200\" srcset=\"http:\/\/www.amaplaneteblanquefort.fr\/wordpress\/wp-content\/uploads\/2013\/11\/panier-miel-300x200.jpg 300w, http:\/\/www.amaplaneteblanquefort.fr\/wordpress\/wp-content\/uploads\/2013\/11\/panier-miel.jpg 448w\" sizes=\"auto, (max-width: 300px) 100vw, 300px\" \/><\/a><span style=\"color: #800080;\"><strong>\u00a0\u00a0\u00a0 Un petit cadeau pour la f\u00eate des m\u00e8res, des p\u00e8res, ou <\/strong><\/span><\/p>\n<p><span style=\"color: #800080;\"><strong>\u00a0\u00a0\u00a0 tout simplement pour vous faire plaisir ainsi qu&rsquo;\u00e0 vos proches&#8230;<\/strong><\/span><\/p>\n<p><strong>\u00a0 Jeudi 15 mai, venez souscrire le contrat , vous serez livr\u00e9 le jeudi 22 mai.<\/strong><\/p>\n<p>le contrat:\u00a0\u00a0\u00a0 <a href=\"http:\/\/www.amaplaneteblanquefort.fr\/wordpress\/wp-content\/uploads\/2014\/05\/Les-petits-paniers.pdf\">Les petits paniers <\/a><\/p>\n<p><strong>\u00a0\u00a0\u00a0 \u00e0 bient\u00f4t<\/strong><\/p>\n<p><strong>Sabine et Jo\u00eblle, vos coordinatrices, Fran\u00e7oise Purrey, votre apicultrice<\/strong><\/p>\n","protected":false},"excerpt":{"rendered":"<p>\u00a0\u00a0\u00a0 Un petit cadeau pour la f\u00eate des m\u00e8res, des p\u00e8res, ou \u00a0\u00a0\u00a0 tout simplement pour vous faire plaisir ainsi qu&rsquo;\u00e0 vos proches&#8230; \u00a0 Jeudi 15 mai, venez souscrire le contrat , vous serez livr\u00e9 le jeudi 22 mai. le contrat:\u00a0\u00a0\u00a0 Les petits paniers \u00a0\u00a0\u00a0 \u00e0 bient\u00f4t Sabine et Jo\u00eblle, vos coordinatrices, Fran\u00e7oise Purrey, votre &hellip; <a href=\"http:\/\/www.amaplaneteblanquefort.fr\/wordpress\/2014\/05\/11\/pour-offrir-les-paniers-2-pots-de-miel-et-2-savons\/\" class=\"more-link\">Continuer la lecture de <span class=\"screen-reader-text\">Pour offrir : les paniers 2 pots de miel et 2 savons<\/span> <span class=\"meta-nav\">&rarr;<\/span><\/a><\/p>\n","protected":false},"author":1,"featured_media":0,"comment_status":"open","ping_status":"open","sticky":false,"template":"","format":"standard","meta":{"footnotes":""},"categories":[24],"tags":[],"class_list":["post-3157","post","type-post","status-publish","format-standard","hentry","category-12-miel"],"_links":{"self":[{"href":"http:\/\/www.amaplaneteblanquefort.fr\/wordpress\/wp-json\/wp\/v2\/posts\/3157","targetHints":{"allow":["GET"]}}],"collection":[{"href":"http:\/\/www.amaplaneteblanquefort.fr\/wordpress\/wp-json\/wp\/v2\/posts"}],"about":[{"href":"http:\/\/www.amaplaneteblanquefort.fr\/wordpress\/wp-json\/wp\/v2\/types\/post"}],"author":[{"embeddable":true,"href":"http:\/\/www.amaplaneteblanquefort.fr\/wordpress\/wp-json\/wp\/v2\/users\/1"}],"replies":[{"embeddable":true,"href":"http:\/\/www.amaplaneteblanquefort.fr\/wordpress\/wp-json\/wp\/v2\/comments?post=3157"}],"version-history":[{"count":2,"href":"http:\/\/www.amaplaneteblanquefort.fr\/wordpress\/wp-json\/wp\/v2\/posts\/3157\/revisions"}],"predecessor-version":[{"id":3163,"href":"http:\/\/www.amaplaneteblanquefort.fr\/wordpress\/wp-json\/wp\/v2\/posts\/3157\/revisions\/3163"}],"wp:attachment":[{"href":"http:\/\/www.amaplaneteblanquefort.fr\/wordpress\/wp-json\/wp\/v2\/media?parent=3157"}],"wp:term":[{"taxonomy":"category","embeddable":true,"href":"http:\/\/www.amaplaneteblanquefort.fr\/wordpress\/wp-json\/wp\/v2\/categories?post=3157"},{"taxonomy":"post_tag","embeddable":true,"href":"http:\/\/www.amaplaneteblanquefort.fr\/wordpress\/wp-json\/wp\/v2\/tags?post=3157"}],"curies":[{"name":"wp","href":"https:\/\/api.w.org\/{rel}","templated":true}]}}